{"id":59201,"date":"2015-04-23T17:15:59","date_gmt":"2015-04-23T17:15:59","guid":{"rendered":"http:\/\/172.16.0.7\/site-antigo\/?p=2773"},"modified":"2024-10-08T09:10:59","modified_gmt":"2024-10-08T12:10:59","slug":"apucarana-convoca-operarios-e-operador-de-maquinas","status":"publish","type":"post","link":"http:\/\/www.apucarana.pr.gov.br\/site\/apucarana-convoca-operarios-e-operador-de-maquinas\/","title":{"rendered":"Apucarana convoca oper\u00e1rios e operador de m\u00e1quinas"},"content":{"rendered":"<p><p><span style=\"letter-spacing: -0.02em; line-height: 1.45em; background-color: initial;\">Aten\u00e7\u00e3o candidatos aprovados para o cargo de &ldquo;Oper\u00e1rio&rdquo; e &ldquo;Oper\u00e1rio de M\u00e1quinas&rdquo; no \u00faltimo concurso p\u00fablico da Prefeitura de Apucarana. Saiu a primeira convoca\u00e7\u00e3o para ocupa\u00e7\u00e3o de vagas.<br \/><\/span><span style=\"letter-spacing: -0.02em; line-height: 1.45em; background-color: initial;\"><br \/>O comparecimento deve acontecer nesta segunda-feira (27\/04), \u00e0s 8h30, no sal\u00e3o nobre do pr\u00e9dio central, para os classificados em 1\u00ba e 2\u00ba lugares para Oper\u00e1rio (reserva de vagas Afrodescendentes) e os classificados do 1\u00baao 20\u00ba lugar para Oper\u00e1rio (geral).<br \/><\/span><span style=\"letter-spacing: -0.02em; line-height: 1.45em; background-color: initial;\"><br \/>J\u00e1 a convoca\u00e7\u00e3o para o cargo de Operador de M\u00e1quinas \u00e9 apenas para o classificado em 1\u00ba lugar. O edital est\u00e1 dispon\u00edvel no site<\/span><a href=\"http:\/\/l.facebook.com\/l.php?u=http%3A%2F%2Fwww.apucarana.pr.gov.br%2F&amp;amp;h=uAQGdn3cH&amp;amp;enc=AZPurI-5Lc4Xx68seVWgbkQP1NPypebPwINsrkwytA8zXm25BpatvfTYSWfATP-82Cy6cm4XsDFj0H0riEcPakL5SbY3J6ENddnBG_IcA7rRPwHkXdesTSPKu43w70VwGfDCl1ZUuW1dab35EwhohdhKIXO3JPYV_yPjVfX4vWlbCvyp9n1QtWH3SWiUpEDD2Iz0PkRkpgedSSm7T3Cg1BGY&amp;amp;s=1\" style=\"letter-spacing: -0.02em; line-height: 1.45em; background-color: initial;\">www.apucarana.pr.gov.br.<\/a><br \/><span style=\"letter-spacing: -0.02em; line-height: 1.45em; background-color: initial;\"><br \/>Outras informa\u00e7\u00f5es no RH da prefeitura pelo 3422-4000. O n\u00e3o comparecimento implicar\u00e1 na perda da vaga.<\/span><\/p>\n<p><\/p>\n","protected":false},"excerpt":{"rendered":"<p>Outras informa&ccedil;&otilde;es no RH da prefeitura pelo 3422-4000. O n&atilde;o comparecimento implicar&aacute; na perda da vaga<\/p>\n","protected":false},"author":4,"featured_media":0,"comment_status":"closed","ping_status":"closed","sticky":false,"template":"","format":"standard","meta":{"footnotes":""},"categories":[24],"tags":[],"class_list":["post-59201","post","type-post","status-publish","format-standard","hentry","category-noticias"],"acf":[],"_links":{"self":[{"href":"http:\/\/www.apucarana.pr.gov.br\/site\/wp-json\/wp\/v2\/posts\/59201","targetHints":{"allow":["GET"]}}],"collection":[{"href":"http:\/\/www.apucarana.pr.gov.br\/site\/wp-json\/wp\/v2\/posts"}],"about":[{"href":"http:\/\/www.apucarana.pr.gov.br\/site\/wp-json\/wp\/v2\/types\/post"}],"author":[{"embeddable":true,"href":"http:\/\/www.apucarana.pr.gov.br\/site\/wp-json\/wp\/v2\/users\/4"}],"replies":[{"embeddable":true,"href":"http:\/\/www.apucarana.pr.gov.br\/site\/wp-json\/wp\/v2\/comments?post=59201"}],"version-history":[{"count":1,"href":"http:\/\/www.apucarana.pr.gov.br\/site\/wp-json\/wp\/v2\/posts\/59201\/revisions"}],"predecessor-version":[{"id":104106,"href":"http:\/\/www.apucarana.pr.gov.br\/site\/wp-json\/wp\/v2\/posts\/59201\/revisions\/104106"}],"wp:attachment":[{"href":"http:\/\/www.apucarana.pr.gov.br\/site\/wp-json\/wp\/v2\/media?parent=59201"}],"wp:term":[{"taxonomy":"category","embeddable":true,"href":"http:\/\/www.apucarana.pr.gov.br\/site\/wp-json\/wp\/v2\/categories?post=59201"},{"taxonomy":"post_tag","embeddable":true,"href":"http:\/\/www.apucarana.pr.gov.br\/site\/wp-json\/wp\/v2\/tags?post=59201"}],"curies":[{"name":"wp","href":"https:\/\/api.w.org\/{rel}","templated":true}]}}