{"id":59200,"date":"2015-04-23T12:18:59","date_gmt":"2015-04-23T12:18:59","guid":{"rendered":"http:\/\/172.16.0.7\/site-antigo\/?p=2770"},"modified":"2024-10-08T09:10:59","modified_gmt":"2024-10-08T12:10:59","slug":"caminhada-abre-programacao-em-louvor-a-nossa-senhora-de-fatima","status":"publish","type":"post","link":"http:\/\/www.apucarana.pr.gov.br\/site\/caminhada-abre-programacao-em-louvor-a-nossa-senhora-de-fatima\/","title":{"rendered":"Caminhada abre programa\u00e7\u00e3o em louvor \u00e0 Nossa Senhora de F\u00e1tima"},"content":{"rendered":"<p><p>Com a expectativa de reunir mais de 500 pessoas, a Par\u00f3quia Nossa Senhora do Ros\u00e1rio de F\u00e1tima, localizada no N\u00facleo Habitacional Jo\u00e3o Paulo, promove a segunda caminhada ecorreligiosa. O evento acontece no dia 3 de maio, com sa\u00edda \u00e0s 8 horas em frente da igreja da par\u00f3quia e chegada no Distrito do Barreiro, onde haver\u00e1 missa e almo\u00e7o.<\/p>\n<p>Os detalhes da caminhada foram divulgados nesta quinta-feira (23\/04) pelo padre Lino Batista, em caf\u00e9 da manh\u00e3 para a imprensa que contou ainda com a presen\u00e7a de M\u00e1rio Felipe, coordenador municipal de turismo religioso, de Valnice Aparecida Pereira Loch, coordenadora da caminhada, e de Eliana Rocha, vice-presidente da Associa\u00e7\u00e3o de Moradores do N\u00facleo Habitacional Jo\u00e3o Paulo. <\/p>\n<p>De acordo com o padre Lino, a caminhada faz parte da programa\u00e7\u00e3o alusiva \u00e0 Nossa Senhora do Ros\u00e1rio de F\u00e1tima, comemorada pela par\u00f3quia no per\u00edodo de 1\u00ba a 31 de maio. &ldquo;Maio \u00e9 um m\u00eas marcante, muito significativo do ponto de vista religioso. Por isso, a par\u00f3quia elaborou uma programa\u00e7\u00e3o intensa e extensa&rdquo;, afirma, lembrando que o dia de Nossa Senhora de F\u00e1tima \u00e9 comemorado em 13 de maio, mas as atividades ocorrem durante todo o m\u00eas, abrangendo ainda missas, novena e a peregrina\u00e7\u00e3o da imagem da santa, entre outras.<\/p>\n<p>A caminhada ter\u00e1 um percurso de 10 quil&ocirc;metros, passando por estradas rurais na regi\u00e3o da Serrinha, Parque da Reden\u00e7\u00e3o e Distrito do Barreiro. &ldquo;Os participantes ser\u00e3o recepcionados com um caf\u00e9 da manh\u00e3 no sal\u00e3o paroquial e, durante o trajeto, ser\u00e3o distribu\u00eddas frutas e \u00e1gua. Haver\u00e1 ainda durante a caminhada momentos para relembrar a hist\u00f3ria de Nossa Senhora do Ros\u00e1rio de F\u00e1tima&rdquo;, afirma padre Lino, salientando que a iniciativa tem tr\u00eas principais objetivos: pr\u00e1tica esportiva, promo\u00e7\u00e3o do turismo religioso e o fortalecimento da f\u00e9.<\/p>\n<p>O coordenador municipal de turismo religioso, M\u00e1rio Felipe, refor\u00e7a que essa \u00e9 a segunda edi\u00e7\u00e3o da caminhada. &ldquo;A chegada est\u00e1 prevista para as 11 horas, quando haver\u00e1 uma missa na Par\u00f3quia Nossa Senhora Aparecida, no Distrito do Barreiro. Logo ap\u00f3s ser\u00e1 servido um delicioso porco no tacho, ao pre\u00e7o de R$ 15. J\u00e1 o transporte de volta, feito com &ocirc;nibus viabilizados pela Prefeitura, ser\u00e1 gratuito&rdquo;, completa.<\/p>\n<p>Inscri\u00e7\u00f5es, reservas antecipadas do cart\u00e3o de almo\u00e7o e aquisi\u00e7\u00e3o da camiseta para a caminhada podem ser feitas na secretaria da par\u00f3quia Nossa Senhora do Ros\u00e1rio de F\u00e1tima, localizada no Jo\u00e3o Paulo. Os telefones de contato s\u00e3o o 3427-9997 e o 9860-0777.<\/p>\n<p><\/p>\n","protected":false},"excerpt":{"rendered":"<p> evento acontece no dia 3 de maio, com sa&iacute;da &agrave;s 8 horas em frente da igreja da par&oacute;quia, no &quot;Jo&atilde;o Paulo&quot;<\/p>\n","protected":false},"author":4,"featured_media":0,"comment_status":"closed","ping_status":"closed","sticky":false,"template":"","format":"standard","meta":{"footnotes":""},"categories":[24],"tags":[],"class_list":["post-59200","post","type-post","status-publish","format-standard","hentry","category-noticias"],"acf":[],"_links":{"self":[{"href":"http:\/\/www.apucarana.pr.gov.br\/site\/wp-json\/wp\/v2\/posts\/59200","targetHints":{"allow":["GET"]}}],"collection":[{"href":"http:\/\/www.apucarana.pr.gov.br\/site\/wp-json\/wp\/v2\/posts"}],"about":[{"href":"http:\/\/www.apucarana.pr.gov.br\/site\/wp-json\/wp\/v2\/types\/post"}],"author":[{"embeddable":true,"href":"http:\/\/www.apucarana.pr.gov.br\/site\/wp-json\/wp\/v2\/users\/4"}],"replies":[{"embeddable":true,"href":"http:\/\/www.apucarana.pr.gov.br\/site\/wp-json\/wp\/v2\/comments?post=59200"}],"version-history":[{"count":1,"href":"http:\/\/www.apucarana.pr.gov.br\/site\/wp-json\/wp\/v2\/posts\/59200\/revisions"}],"predecessor-version":[{"id":104109,"href":"http:\/\/www.apucarana.pr.gov.br\/site\/wp-json\/wp\/v2\/posts\/59200\/revisions\/104109"}],"wp:attachment":[{"href":"http:\/\/www.apucarana.pr.gov.br\/site\/wp-json\/wp\/v2\/media?parent=59200"}],"wp:term":[{"taxonomy":"category","embeddable":true,"href":"http:\/\/www.apucarana.pr.gov.br\/site\/wp-json\/wp\/v2\/categories?post=59200"},{"taxonomy":"post_tag","embeddable":true,"href":"http:\/\/www.apucarana.pr.gov.br\/site\/wp-json\/wp\/v2\/tags?post=59200"}],"curies":[{"name":"wp","href":"https:\/\/api.w.org\/{rel}","templated":true}]}}