{"id":59198,"date":"2015-04-22T10:16:59","date_gmt":"2015-04-22T10:16:59","guid":{"rendered":"http:\/\/172.16.0.7\/site-antigo\/?p=2763"},"modified":"2024-10-08T09:10:59","modified_gmt":"2024-10-08T12:10:59","slug":"mutirao-de-servicos-leva-melhorias-a-praca-do-redondo","status":"publish","type":"post","link":"http:\/\/www.apucarana.pr.gov.br\/site\/mutirao-de-servicos-leva-melhorias-a-praca-do-redondo\/","title":{"rendered":"Mutir\u00e3o de servi\u00e7os leva melhorias \u00e0 Pra\u00e7a do Redondo"},"content":{"rendered":"<p><span style=\"letter-spacing: -0.02em; line-height: 1.45em; background-color: initial;\">A Prefeitura de Apucarana deslocou dez equipes nesta quarta-feira (22\/04) para a Pra\u00e7a Interventor Manoel Ribas (Pra\u00e7a do Redondo), onde est\u00e1 sendo feito um mutir\u00e3o de servi\u00e7os. Mais de 50 oper\u00e1rios participam da frente, que conta com o suporte de caminh\u00f5es e diversos equipamentos. A opera\u00e7\u00e3o envolve poda de \u00e1rvores, cata-galhos, ro\u00e7agem, limpeza de placas e do chafariz, al\u00e9m de melhorias na ilumina\u00e7\u00e3o, pequenas obras de alvenaria e conserto de bocas de lobo.<\/span><\/p>\n<p><span style=\"letter-spacing: -0.02em; line-height: 1.45em; background-color: initial;\">  <\/p>\n<p><b><u>Click nos links de \u00e1udio acima<\/u><\/b><\/p>\n<p>  <\/span><\/p>\n<p>O prefeito de Apucarana, Beto Preto, acompanhou o in\u00edcio dos trabalhos e lamentou o vandalismo verificado no local. &ldquo;No plat&ocirc;, onde ficam os banheiros, a maior parte dos vidros est\u00e1 quebrada, al\u00e9m de picha\u00e7\u00f5es e outros danos ao patrim&ocirc;nio p\u00fablico. J\u00e1 hav\u00edamos trocado as portas dos banheiros e implantado sistema de ilumina\u00e7\u00e3o p\u00fablica no entorno da pra\u00e7a. Ap\u00f3s essas novas melhorias que estamos executando, esperamos que a popula\u00e7\u00e3o colabore, zelando pela manuten\u00e7\u00e3o deste espa\u00e7o&rdquo;, frisa Beto Preto.<\/p>\n<p>O prefeito afirma ainda que uma equipe da Secretaria Municipal de Obras tamb\u00e9m est\u00e1 no local fazendo uma vistoria e verificando a necessidade da realiza\u00e7\u00e3o de pequenos servi\u00e7os de alvenaria na Pra\u00e7a do Redondo. &ldquo;Al\u00e9m da substitui\u00e7\u00e3o dos vidros e das l&acirc;mpadas queimadas, ser\u00e1 feita a reforma e a pintura do plat&ocirc; bem como a elimina\u00e7\u00e3o da infiltra\u00e7\u00e3o de \u00e1gua existente no local&rdquo;, observa Beto Preto.<\/p>\n<p>Diversos secret\u00e1rios municipais e diretores de departamentos est\u00e3o participando diretamente do mutir\u00e3o de servi\u00e7os, que prosseguir\u00e1 at\u00e9 que todos os trabalhos necess\u00e1rios sejam conclu\u00eddos. O engenheiro eletricista Lafayete Luz, do Instituto de Desenvolvimento, Pesquisa e Planejamento de Apucarana (Idepplan)<span>,<\/span> lembra que a Prefeitura instalou h\u00e1 cerca de um ano e meio 56 lumin\u00e1rias na pra\u00e7a. &ldquo;Algumas delas queimaram e vamos agora providenciar a substitui\u00e7\u00e3o&rdquo;, informa.<\/p>\n<p>O secret\u00e1rio municipal de Meio Ambiente, Ewerton Pires, est\u00e1 fazendo a avalia\u00e7\u00e3o da situa\u00e7\u00e3o das \u00e1rvores e orientando os oper\u00e1rios na poda de manuten\u00e7\u00e3o. &ldquo;A orienta\u00e7\u00e3o \u00e9 que se evite copas largas e baixas, direcionando o crescimento para cima, com o objetivo de tentar diminuir a presen\u00e7a de p\u00e1ssaros, especialmente de andorinhas&rdquo;, pontua.<\/p>\n<p>O secret\u00e1rio municipal de Servi\u00e7os P\u00fablicos, Jaime Gon\u00e7alves, afirma que a deflagra\u00e7\u00e3o da opera\u00e7\u00e3o ap\u00f3s a chuva permitiu o envolvimento de mais equipes. &ldquo;Temos aqui duas equipes de tapa-buracos, duas de ro\u00e7agem, duas de poda de \u00e1rvores e tr\u00eas de cata-galho, al\u00e9m de equipes que v\u00e3o fazer a limpeza do chafariz e das placas e o conserto de 16 grades de boca de lobo&rdquo;, relata Gon\u00e7alves.<\/p>\n<p><\/p>\n","protected":false},"excerpt":{"rendered":"<p>Mais de 50 oper&aacute;rios participam da frente, que conta com o suporte de caminh&otilde;es e diversos equipamentos.<\/p>\n","protected":false},"author":4,"featured_media":0,"comment_status":"closed","ping_status":"closed","sticky":false,"template":"","format":"standard","meta":{"footnotes":""},"categories":[24],"tags":[],"class_list":["post-59198","post","type-post","status-publish","format-standard","hentry","category-noticias"],"acf":[],"_links":{"self":[{"href":"http:\/\/www.apucarana.pr.gov.br\/site\/wp-json\/wp\/v2\/posts\/59198","targetHints":{"allow":["GET"]}}],"collection":[{"href":"http:\/\/www.apucarana.pr.gov.br\/site\/wp-json\/wp\/v2\/posts"}],"about":[{"href":"http:\/\/www.apucarana.pr.gov.br\/site\/wp-json\/wp\/v2\/types\/post"}],"author":[{"embeddable":true,"href":"http:\/\/www.apucarana.pr.gov.br\/site\/wp-json\/wp\/v2\/users\/4"}],"replies":[{"embeddable":true,"href":"http:\/\/www.apucarana.pr.gov.br\/site\/wp-json\/wp\/v2\/comments?post=59198"}],"version-history":[{"count":1,"href":"http:\/\/www.apucarana.pr.gov.br\/site\/wp-json\/wp\/v2\/posts\/59198\/revisions"}],"predecessor-version":[{"id":104116,"href":"http:\/\/www.apucarana.pr.gov.br\/site\/wp-json\/wp\/v2\/posts\/59198\/revisions\/104116"}],"wp:attachment":[{"href":"http:\/\/www.apucarana.pr.gov.br\/site\/wp-json\/wp\/v2\/media?parent=59198"}],"wp:term":[{"taxonomy":"category","embeddable":true,"href":"http:\/\/www.apucarana.pr.gov.br\/site\/wp-json\/wp\/v2\/categories?post=59198"},{"taxonomy":"post_tag","embeddable":true,"href":"http:\/\/www.apucarana.pr.gov.br\/site\/wp-json\/wp\/v2\/tags?post=59198"}],"curies":[{"name":"wp","href":"https:\/\/api.w.org\/{rel}","templated":true}]}}