{"id":59197,"date":"2015-04-17T18:18:00","date_gmt":"2015-04-17T18:18:00","guid":{"rendered":"http:\/\/172.16.0.7\/site-antigo\/?p=2760"},"modified":"2024-10-08T09:10:59","modified_gmt":"2024-10-08T12:10:59","slug":"ex-palhaco-bozo-e-hoje-pastor-tribeck-visita-prefeito-beto-preto","status":"publish","type":"post","link":"http:\/\/www.apucarana.pr.gov.br\/site\/ex-palhaco-bozo-e-hoje-pastor-tribeck-visita-prefeito-beto-preto\/","title":{"rendered":"Ex-palha\u00e7o Bozo e hoje pastor Tribeck visita prefeito Beto Preto"},"content":{"rendered":"<\/p>\n<p><span style=\"letter-spacing: -0.02em; line-height: 1.45em; background-color: initial;\">De passagem pela cidade para prega\u00e7\u00f5es, o pastor Wanderley Tribeck, o primeiro Palha\u00e7o Bozo do Brasil, visitou hoje o prefeito Beto Preto. &ldquo;&Eacute; uma alegria receber uma pessoa com uma hist\u00f3ria de vida t\u00e3o emocionante e que est\u00e1 nossa cidade para participar de cultos. Agrade\u00e7o ter disponibilizado parte do seu tempo para nos falar do seu testemunho de vida e dizer palavras de incentivo&rdquo;, disse Beto Preto.<\/span><\/p>\n<p>Pastor Tribeck est\u00e1 em Apucarana desde quarta-feira quando falou aos fi\u00e9is da Comunidade Crist\u00e3 Projeto Man\u00e1 com o pastor Valdevino Batista. Entre ontem e domingo ele est\u00e1 \u00e0 frente, juntamente com o pastor Ant&ocirc;nio Ferreira, da Confer\u00eancia Mission\u00e1ria da Igreja Mission\u00e1ria Unida do Brasil, localizada na Avenida Igua\u00e7u, 375, pr\u00f3xima ao Samu.<\/p>\n<p>Consagrado nacionalmente como o palha\u00e7o Bozo, na rede SBT, Wanderlei deixou os palcos em 1989, depois de 10 anos de sucesso na TV. Entrou numa fase de perdas financeiras e afetivas por conta do envolvimento com drogas e outras situa\u00e7\u00f5es.<\/p>\n<p>&ldquo;Estava sem dinheiro, sem fam\u00edlia, sem amigos, morando na rua, quando tive a revela\u00e7\u00e3o de Jesus. Minha convers\u00e3o aconteceu num momento de grande dor. Com a ajuda espiritual e de muitas pessoas recuperei tudo que tinha perdido, em especial minha fam\u00edlia&rdquo;, <b>( clique e ou\u00e7a o \u00e1udio)<\/b><\/p>\n<p><audio style=\"width:80%;\" controls=\"\" preload=\"none\"><source src=\"http:\/\/apucarana.pr.gov.br\/podcast\/media\/2015-04-22_wanderley_tribeck-_bozo_prefeito-_17-04-15.mp3\" type=\"audio\/mpeg\">Your browser does not support the audio player<\/audio><\/p>\n<p>relata Tribeck, que hoje reside na cidade de Balne\u00e1rio Cambori\u00fa, onde \u00e9 pastor da Igreja Assembleia de Deus Gide\u00f5es Mission\u00e1rios.<\/p>\n<p><\/p>\n","protected":false},"excerpt":{"rendered":"<p>Pastor Tribeck est&aacute; na cidade para participar prega&ccedil;&otilde;es em duas igrejas<\/p>\n","protected":false},"author":4,"featured_media":0,"comment_status":"closed","ping_status":"closed","sticky":false,"template":"","format":"standard","meta":{"footnotes":""},"categories":[24],"tags":[],"class_list":["post-59197","post","type-post","status-publish","format-standard","hentry","category-noticias"],"acf":[],"_links":{"self":[{"href":"http:\/\/www.apucarana.pr.gov.br\/site\/wp-json\/wp\/v2\/posts\/59197","targetHints":{"allow":["GET"]}}],"collection":[{"href":"http:\/\/www.apucarana.pr.gov.br\/site\/wp-json\/wp\/v2\/posts"}],"about":[{"href":"http:\/\/www.apucarana.pr.gov.br\/site\/wp-json\/wp\/v2\/types\/post"}],"author":[{"embeddable":true,"href":"http:\/\/www.apucarana.pr.gov.br\/site\/wp-json\/wp\/v2\/users\/4"}],"replies":[{"embeddable":true,"href":"http:\/\/www.apucarana.pr.gov.br\/site\/wp-json\/wp\/v2\/comments?post=59197"}],"version-history":[{"count":1,"href":"http:\/\/www.apucarana.pr.gov.br\/site\/wp-json\/wp\/v2\/posts\/59197\/revisions"}],"predecessor-version":[{"id":104119,"href":"http:\/\/www.apucarana.pr.gov.br\/site\/wp-json\/wp\/v2\/posts\/59197\/revisions\/104119"}],"wp:attachment":[{"href":"http:\/\/www.apucarana.pr.gov.br\/site\/wp-json\/wp\/v2\/media?parent=59197"}],"wp:term":[{"taxonomy":"category","embeddable":true,"href":"http:\/\/www.apucarana.pr.gov.br\/site\/wp-json\/wp\/v2\/categories?post=59197"},{"taxonomy":"post_tag","embeddable":true,"href":"http:\/\/www.apucarana.pr.gov.br\/site\/wp-json\/wp\/v2\/tags?post=59197"}],"curies":[{"name":"wp","href":"https:\/\/api.w.org\/{rel}","templated":true}]}}