{"id":59191,"date":"2015-02-05T16:34:00","date_gmt":"2015-02-05T16:34:00","guid":{"rendered":"http:\/\/172.16.0.7\/site-antigo\/?p=2551"},"modified":"2024-10-08T09:10:23","modified_gmt":"2024-10-08T12:10:23","slug":"autarquia-de-educacao-vistoria-frota-do-transporte-escolar","status":"publish","type":"post","link":"http:\/\/www.apucarana.pr.gov.br\/site\/autarquia-de-educacao-vistoria-frota-do-transporte-escolar\/","title":{"rendered":"Autarquia de Educa\u00e7\u00e3o vistoria frota do transporte escolar"},"content":{"rendered":"<p><p>Com a finalidade de garantir um transporte seguro e de qualidade para os alunos apucaranenses, a Autarquia Municipal de Educa\u00e7\u00e3o (AME) providenciou uma rigorosa inspe\u00e7\u00e3o nos ve\u00edculos de sua frota do transporte escolar. A vistoria foi feita na manh\u00e3 desta quinta-feira (05\/02), no p\u00e1tio de m\u00e1quinas da prefeitura.<\/p>\n<p>Ao todo, 21 &ocirc;nibus e micro-&ocirc;nibus e 6 vans foram inspecionados por agentes da 15\u00aa CIRETRAN, do 10\u00ba Batalh\u00e3o de Pol\u00edcia Militar, da Guarda Municipal e por equipe da pr\u00f3pria AME. Os itens verificados foram: pintura da lataria, para-choques dianteiro e traseiro, pneus, estepes, emplacamento, faixas amarelas com 40 cent\u00edmetros, alvar\u00e1, licenciamento, exist\u00eancia de chave de roda, tri&acirc;ngulo e macaco hidr\u00e1ulico, extintores de inc\u00eandio, cinto de seguran\u00e7a, lanternas, luzes de freio e indicativa de r\u00e9, entre outros.<\/p>\n<p>A vistoria do Instituto Nacional de Metrologia, Qualidade e Tecnologia (INMETRO), por sua vez, j\u00e1 havia sido realizada gradativamente nos meses de dezembro e janeiro.<\/p>\n<p>Segundo o diretor geral de transporte escolar municipal, Ailton Rodrigues de Souza, os ve\u00edculos inspecionados s\u00e3o todos da frota pr\u00f3pria da Autarquia Municipal de Educa\u00e7\u00e3o. &ldquo;J\u00e1 os propriet\u00e1rios de &ocirc;nibus e vans terceirizados devem apresentar o certificado de vistoria de seus carros por ocasi\u00e3o da renova\u00e7\u00e3o dos contratos, que est\u00e1 em andamento&rdquo;, afirmou.<\/p>\n<p>A fiscaliza\u00e7\u00e3o de hoje constatou que os 27 ve\u00edculos examinados est\u00e3o em \u00f3timas condi\u00e7\u00f5es de uso. &ldquo;Apenas tr\u00eas &ocirc;nibus apresentaram luzes de freio queimadas, que foram imediatamente substitu\u00eddas&rdquo;, acrescentou.<\/p>\n<p>A Autarquia Municipal de Educa\u00e7\u00e3o possui atualmente 58 linhas do transporte escolar que passam por todos os bairros da cidade. Cerca de 6 mil alunos, das redes municipal e estadual de ensino, utilizaram o servi\u00e7o em 2014, mas um amplo trabalho vem sendo feito para garantir a essas crian\u00e7as vagas mais pr\u00f3ximas \u00e0s suas casas a partir do novo ano letivo.<\/p>\n<p>A diretora-presidente da AME, professora Marli Regina Fernandes da Silva, garante que agora j\u00e1 est\u00e1 tudo pronto para a volta \u00e0s aulas na pr\u00f3xima segunda-feira (09\/02). &ldquo;O objetivo da vistoria \u00e9 assegurar aos estudantes um transporte seguro, confort\u00e1vel e dentro dos padr\u00f5es de qualidade&rdquo;, disse ela. <\/p>\n<p><\/p>\n","protected":false},"excerpt":{"rendered":"<p>O objetivo da vistoria &eacute; assegurar aos estudantes um transporte seguro, confort&aacute;vel e dentro dos padr&otilde;es de qualidade.<\/p>\n","protected":false},"author":4,"featured_media":0,"comment_status":"closed","ping_status":"closed","sticky":false,"template":"","format":"standard","meta":{"footnotes":""},"categories":[24],"tags":[],"class_list":["post-59191","post","type-post","status-publish","format-standard","hentry","category-noticias"],"acf":[],"_links":{"self":[{"href":"http:\/\/www.apucarana.pr.gov.br\/site\/wp-json\/wp\/v2\/posts\/59191","targetHints":{"allow":["GET"]}}],"collection":[{"href":"http:\/\/www.apucarana.pr.gov.br\/site\/wp-json\/wp\/v2\/posts"}],"about":[{"href":"http:\/\/www.apucarana.pr.gov.br\/site\/wp-json\/wp\/v2\/types\/post"}],"author":[{"embeddable":true,"href":"http:\/\/www.apucarana.pr.gov.br\/site\/wp-json\/wp\/v2\/users\/4"}],"replies":[{"embeddable":true,"href":"http:\/\/www.apucarana.pr.gov.br\/site\/wp-json\/wp\/v2\/comments?post=59191"}],"version-history":[{"count":1,"href":"http:\/\/www.apucarana.pr.gov.br\/site\/wp-json\/wp\/v2\/posts\/59191\/revisions"}],"predecessor-version":[{"id":104328,"href":"http:\/\/www.apucarana.pr.gov.br\/site\/wp-json\/wp\/v2\/posts\/59191\/revisions\/104328"}],"wp:attachment":[{"href":"http:\/\/www.apucarana.pr.gov.br\/site\/wp-json\/wp\/v2\/media?parent=59191"}],"wp:term":[{"taxonomy":"category","embeddable":true,"href":"http:\/\/www.apucarana.pr.gov.br\/site\/wp-json\/wp\/v2\/categories?post=59191"},{"taxonomy":"post_tag","embeddable":true,"href":"http:\/\/www.apucarana.pr.gov.br\/site\/wp-json\/wp\/v2\/tags?post=59191"}],"curies":[{"name":"wp","href":"https:\/\/api.w.org\/{rel}","templated":true}]}}