{"id":59190,"date":"2015-02-03T12:22:00","date_gmt":"2015-02-03T12:22:00","guid":{"rendered":"http:\/\/172.16.0.7\/site-antigo\/?p=2539"},"modified":"2024-10-08T09:10:23","modified_gmt":"2024-10-08T12:10:23","slug":"prefeitura-intensifica-fiscalizacao-sobre-limpeza-de-terrenos","status":"publish","type":"post","link":"http:\/\/www.apucarana.pr.gov.br\/site\/prefeitura-intensifica-fiscalizacao-sobre-limpeza-de-terrenos\/","title":{"rendered":"Prefeitura intensifica fiscaliza\u00e7\u00e3o sobre limpeza de terrenos"},"content":{"rendered":"<p><p>A partir desta semana, o Departamento de Servi\u00e7os P\u00fablicos da Prefeitura de Apucarana vai intensificar a fiscaliza\u00e7\u00e3o em terrenos vazios. O objetivo \u00e9 verificar a situa\u00e7\u00e3o dos im\u00f3veis e notificar os propriet\u00e1rios a realizarem a limpeza. Os donos dos im\u00f3veis receber\u00e3o prazo de 15 dias e, caso n\u00e3o tomarem provid\u00eancias, a Prefeitura vai fazer a limpeza e lan\u00e7ar\u00e1 o valor correspondente ao custo do servi\u00e7o no carn\u00ea do Imposto Predial e Territorial Urbano (IPTU).<\/p>\n<p>De acordo com Paulo Reis, diretor municipal de Servi\u00e7os P\u00fablicos, o trabalho come\u00e7ar\u00e1 pela regi\u00e3o oeste da cidade, onde ser\u00e1 feito um levantamento dos terrenos localizados no Jardim Interlagos, Jardim Europa, Jardim Espanha e Residencial Solar de Toscana. &ldquo;A cada semana estaremos fazendo o levantamento em uma regi\u00e3o da cidade e, ap\u00f3s o t\u00e9rmino do prazo concedido, a Prefeitura executar\u00e1 a limpeza atrav\u00e9s da empresa terceirizada e lan\u00e7ar\u00e1 o valor no IPTU&rdquo;, alerta Reis. <\/p>\n<p>Caso o propriet\u00e1rio n\u00e3o fa\u00e7a a limpeza por conta pr\u00f3pria, o servi\u00e7o de ro\u00e7agem custar\u00e1 R$ 1,10 por metro quadrado. J\u00e1 para retirada de entulhos ser\u00e1 cobrado R$ 80 por viagem e, em caso da necessidade do uso de p\u00e1 carregadeira, o pre\u00e7o estipulado \u00e9 de R$ 170 por hora trabalhada. &ldquo;Al\u00e9m da ro\u00e7agem e limpeza, tamb\u00e9m \u00e9 exigida a retirada de entulhos dos terrenos, visando evitar que o local seja utilizado como dep\u00f3sito de lixo e, consequentemente, de prolifera\u00e7\u00e3o de animais pe\u00e7onhentos e insetos nocivos \u00e0 sa\u00fade&rdquo;, frisa.<\/p>\n<p>Conforme Reis, a inten\u00e7\u00e3o da Prefeitura \u00e9 conscientizar os propriet\u00e1rios a fazer a limpeza, colaborando com a sa\u00fade p\u00fablica e com o bem-estar de todos. &ldquo;Esperamos contar com o bom senso dos propriet\u00e1rios, pois manter os terrenos limpos \u00e9 uma responsabilidade de todos&rdquo;, pontua Reis, solicitando ainda a colabora\u00e7\u00e3o da popula\u00e7\u00e3o. &ldquo;Todos podem ajudar e pedimos para que as pessoas n\u00e3o depositem entulhos e detritos nos terrenos vazios&rdquo;, refor\u00e7a. <\/p>\n<p><\/p>\n","protected":false},"excerpt":{"rendered":"<p>Levantamento da situa&ccedil;&atilde;o dos terrenos come&ccedil;ou pela regi&atilde;o oeste da cidade e propriet&aacute;rios ter&atilde;o prazo de 15 dias para fazer a limpeza<\/p>\n","protected":false},"author":4,"featured_media":0,"comment_status":"closed","ping_status":"closed","sticky":false,"template":"","format":"standard","meta":{"footnotes":""},"categories":[24],"tags":[],"class_list":["post-59190","post","type-post","status-publish","format-standard","hentry","category-noticias"],"acf":[],"_links":{"self":[{"href":"http:\/\/www.apucarana.pr.gov.br\/site\/wp-json\/wp\/v2\/posts\/59190","targetHints":{"allow":["GET"]}}],"collection":[{"href":"http:\/\/www.apucarana.pr.gov.br\/site\/wp-json\/wp\/v2\/posts"}],"about":[{"href":"http:\/\/www.apucarana.pr.gov.br\/site\/wp-json\/wp\/v2\/types\/post"}],"author":[{"embeddable":true,"href":"http:\/\/www.apucarana.pr.gov.br\/site\/wp-json\/wp\/v2\/users\/4"}],"replies":[{"embeddable":true,"href":"http:\/\/www.apucarana.pr.gov.br\/site\/wp-json\/wp\/v2\/comments?post=59190"}],"version-history":[{"count":1,"href":"http:\/\/www.apucarana.pr.gov.br\/site\/wp-json\/wp\/v2\/posts\/59190\/revisions"}],"predecessor-version":[{"id":104340,"href":"http:\/\/www.apucarana.pr.gov.br\/site\/wp-json\/wp\/v2\/posts\/59190\/revisions\/104340"}],"wp:attachment":[{"href":"http:\/\/www.apucarana.pr.gov.br\/site\/wp-json\/wp\/v2\/media?parent=59190"}],"wp:term":[{"taxonomy":"category","embeddable":true,"href":"http:\/\/www.apucarana.pr.gov.br\/site\/wp-json\/wp\/v2\/categories?post=59190"},{"taxonomy":"post_tag","embeddable":true,"href":"http:\/\/www.apucarana.pr.gov.br\/site\/wp-json\/wp\/v2\/tags?post=59190"}],"curies":[{"name":"wp","href":"https:\/\/api.w.org\/{rel}","templated":true}]}}