{"id":59142,"date":"2013-01-01T17:33:00","date_gmt":"2013-01-01T17:33:00","guid":{"rendered":"http:\/\/172.16.0.7\/site-antigo\/?p=646"},"modified":"2024-10-08T09:05:44","modified_gmt":"2024-10-08T12:05:44","slug":"secretarias-iniciam-recuperacao-do-parque-da-raposa","status":"publish","type":"post","link":"http:\/\/www.apucarana.pr.gov.br\/site\/secretarias-iniciam-recuperacao-do-parque-da-raposa\/","title":{"rendered":"Secretarias iniciam recupera\u00e7\u00e3o do Parque da Raposa"},"content":{"rendered":"<div class=\"left\">\n<figure><img decoding=\"async\" src=\"http:\/\/cdn.apucarana.pr.gov.br\/320x215\/original\/2013\/04\/03\/raposa.jpg\" width=\"320\" style=\"\"><figcaption class=\"caption\"><\/figcaption><\/figure>\n<\/div>\n<p>Oper\u00e1rios das secretarias de Servi\u00e7os P\u00fablicos, Obras e Meio Ambiente da Prefeitura de Apucarana deram in\u00edcio ontem (segunda-feira &ndash; 01\/04) a um trabalho de limpeza geral de toda a extens\u00e3o do Parque Ecol\u00f3gico da Raposa. J\u00e1 no primeiro dia, grande parte da \u00e1rea recebeu ro\u00e7agem e, com a ajuda de maquin\u00e1rio e caminh\u00f5es, toneladas de lixo e entulhos foram removidas para local adequado. <\/p>\n<p>&ldquo;Al\u00e9m de restos de m\u00f3veis, material de constru\u00e7\u00e3o e lixo dom\u00e9stico, nossas equipes tamb\u00e9m encontram nesta primeira empreitada ind\u00edcios de que a mata vem sendo utilizada para acobertar il\u00edcitos, possivelmente para desmanche de autom\u00f3veis e tamb\u00e9m furto de cobre da fia\u00e7\u00e3o de energia p\u00fablica&rdquo;, informa Silnei Bolonheze, superintendente da Secretaria de Servi\u00e7os P\u00fablicos. Por solicita\u00e7\u00e3o dos t\u00e9cnicos ambientais, caixas de conten\u00e7\u00e3o da \u00e1gua da chuva tamb\u00e9m come\u00e7aram a ser constru\u00eddas desde a entrada do parque para cessar e impedir que novas eros\u00f5es danifiquem a mata.  <\/p>\n<p>O prefeito Beto Preto (PT) lamentou o estado geral da unidade de conserva\u00e7\u00e3o. &ldquo;Na \u00faltima d\u00e9cada este local se tornou mais um s\u00edmbolo triste, um exemplo de como n\u00e3o se deve administrar uma cidade. Contudo, a popula\u00e7\u00e3o pode ter a certeza de que este quadro de abandono j\u00e1 est\u00e1 com seus dias contatos. Com esta primeira interven\u00e7\u00e3o, em duas semanas o parque j\u00e1 ter\u00e1 uma nova apresenta\u00e7\u00e3o&rdquo;, anunciou o prefeito. De acordo com ele, a secretaria de Meio Ambiente j\u00e1 trabalha em projetos para devolver ao espa\u00e7o atrativos e condi\u00e7\u00f5es tanto para visita\u00e7\u00e3o por parte das fam\u00edlias, quanto para a educa\u00e7\u00e3o ambiental junto \u00e0s escolas e tamb\u00e9m pesquisa cient\u00edfica e acad\u00eamica. &ldquo;&Eacute; hora de repensarmos o parque&rdquo;, disse Beto.<\/p>\n<p>Por se tratar de uma unidade de conserva\u00e7\u00e3o ambiental, o Parque Ecol\u00f3gico da Raposa, bem como a Col&ocirc;nia Mineira, garantem o chamado ICMS Ecol\u00f3gico para Apucarana, um repasse feito pelo Estado como forma de recompensar os munic\u00edpios que investem na preserva\u00e7\u00e3o permanente do meio ambiente. &ldquo;J\u00e1 estamos elaborando e vamos enviar projeto de revitaliza\u00e7\u00e3o do Parque da Raposa para o Fundo Nacional de Meio Ambiente. Com isto esperamos um aporte financeiro para complementar os recursos necess\u00e1rios para dar ao parque a condi\u00e7\u00e3o que lhe \u00e9 devida em rela\u00e7\u00e3o \u00e0 sua import&acirc;ncia&rdquo;, pontuou &Eacute;werton Pires, superintendente da Secretaria de Meio Ambiente. <\/p>\n<p>De acordo com ele, \u00e9 um pedido tanto do prefeito quanto do secret\u00e1rio Itamar Gomes de Oliveira, que al\u00e9m do repasse do ICMS Ecol\u00f3gico pela conserva\u00e7\u00e3o da \u00e1rea, Apucarana tamb\u00e9m, a m\u00e9dio prazo, comece a receber um &ldquo;plus&rdquo; pelo quesito &ldquo;qualidade da conserva\u00e7\u00e3o&rdquo;. &ldquo;Com a atual realidade, s\u00f3 recebemos pela \u00e1rea e n\u00e3o pela qualidade. Com o investimento teremos uma melhor avalia\u00e7\u00e3o e por consequ\u00eancia maior fatia no repasse&rdquo;, explicou. De acordo com ele, a avalia\u00e7\u00e3o destes itens \u00e9 feito anualmente pelo Instituto Ambiental do Paran\u00e1 (IAP). Em todo o ano de 2012, Apucarana recebeu R$355.197,31 de ICMS Ecol\u00f3gico, sendo que para o Parque da Raposa foi respons\u00e1vel pela capta\u00e7\u00e3o de 56% deste total. <\/p>\n<p><\/p>\n","protected":false},"excerpt":{"rendered":"<p>Por se tratar de uma unidade de conserva&ccedil;&atilde;o ambiental, o Parque Ecol&oacute;gico da Raposa, bem como a Col&ocirc;nia Mineira, garantem o chamado ICMS Ecol&oacute;gico para Apucarana<\/p>\n","protected":false},"author":4,"featured_media":0,"comment_status":"closed","ping_status":"closed","sticky":false,"template":"","format":"standard","meta":{"footnotes":""},"categories":[24],"tags":[],"class_list":["post-59142","post","type-post","status-publish","format-standard","hentry","category-noticias"],"acf":[],"_links":{"self":[{"href":"http:\/\/www.apucarana.pr.gov.br\/site\/wp-json\/wp\/v2\/posts\/59142","targetHints":{"allow":["GET"]}}],"collection":[{"href":"http:\/\/www.apucarana.pr.gov.br\/site\/wp-json\/wp\/v2\/posts"}],"about":[{"href":"http:\/\/www.apucarana.pr.gov.br\/site\/wp-json\/wp\/v2\/types\/post"}],"author":[{"embeddable":true,"href":"http:\/\/www.apucarana.pr.gov.br\/site\/wp-json\/wp\/v2\/users\/4"}],"replies":[{"embeddable":true,"href":"http:\/\/www.apucarana.pr.gov.br\/site\/wp-json\/wp\/v2\/comments?post=59142"}],"version-history":[{"count":1,"href":"http:\/\/www.apucarana.pr.gov.br\/site\/wp-json\/wp\/v2\/posts\/59142\/revisions"}],"predecessor-version":[{"id":106377,"href":"http:\/\/www.apucarana.pr.gov.br\/site\/wp-json\/wp\/v2\/posts\/59142\/revisions\/106377"}],"wp:attachment":[{"href":"http:\/\/www.apucarana.pr.gov.br\/site\/wp-json\/wp\/v2\/media?parent=59142"}],"wp:term":[{"taxonomy":"category","embeddable":true,"href":"http:\/\/www.apucarana.pr.gov.br\/site\/wp-json\/wp\/v2\/categories?post=59142"},{"taxonomy":"post_tag","embeddable":true,"href":"http:\/\/www.apucarana.pr.gov.br\/site\/wp-json\/wp\/v2\/tags?post=59142"}],"curies":[{"name":"wp","href":"https:\/\/api.w.org\/{rel}","templated":true}]}}