{"id":59106,"date":"2022-01-24T17:44:28","date_gmt":"2022-01-24T20:44:28","guid":{"rendered":"http:\/\/www.apucarana.pr.gov.br\/site\/?p=59106"},"modified":"2024-10-08T09:25:14","modified_gmt":"2024-10-08T12:25:14","slug":"amor-por-apucarana-sera-eternizado-em-dvd-musical","status":"publish","type":"post","link":"http:\/\/www.apucarana.pr.gov.br\/site\/amor-por-apucarana-sera-eternizado-em-dvd-musical\/","title":{"rendered":"\u201cAmor por Apucarana\u201d ser\u00e1 eternizado em DVD musical"},"content":{"rendered":"\n\t\t<!-- MasterSlider -->\n\t\t<div id=\"P_MS69f329859f562\" class=\"master-slider-parent master-slider-gallery   ms-parent-id-0\" style=\"\" >\n\n\t\t\t\n\t\t\t<!-- MasterSlider Main -->\n\t\t\t<div id=\"MS69f329859f562\" class=\"master-slider ms-skin-default\" >\n\t\t\t\t \t\t\t\t \n\t\t\t<div  class=\"ms-slide\" data-delay=\"3\"    >\n\t\t\t\t\t<img decoding=\"async\" src=\"http:\/\/www.apucarana.pr.gov.br\/site\/wp-content\/plugins\/masterslider\/public\/assets\/css\/blank.gif\" alt=\"PAINEL(EDSON DENOBI) (1)\" title=\"PAINEL(EDSON DENOBI) (1)\" data-src=\"http:\/\/www.apucarana.pr.gov.br\/site\/wp-content\/uploads\/2022\/01\/PAINELEDSON-DENOBI-1-1024x631.jpg\" \/>\n\t<a href=\"http:\/\/www.apucarana.pr.gov.br\/site\/wp-content\/uploads\/2022\/01\/PAINELEDSON-DENOBI-1-1024x631.jpg\" target=\"_self\"    >PAINEL(EDSON DENOBI) (1)<\/a>\n\n\n\t<img decoding=\"async\" class=\"ms-thumb\" src=\"http:\/\/www.apucarana.pr.gov.br\/site\/wp-content\/uploads\/2022\/01\/PAINELEDSON-DENOBI-1-1024x631-140x80.jpg\" alt=\"PAINEL(EDSON DENOBI) (1)\" \/>\n\t\t\t\t<\/div>\n\t\t\t<div  class=\"ms-slide\" data-delay=\"3\"    >\n\t\t\t\t\t<img decoding=\"async\" src=\"http:\/\/www.apucarana.pr.gov.br\/site\/wp-content\/plugins\/masterslider\/public\/assets\/css\/blank.gif\" alt=\"PAINEL(EDSON DENOBI) (7)\" title=\"PAINEL(EDSON DENOBI) (7)\" data-src=\"http:\/\/www.apucarana.pr.gov.br\/site\/wp-content\/uploads\/2022\/01\/PAINELEDSON-DENOBI-7-1024x683.jpg\" \/>\n\t<a href=\"http:\/\/www.apucarana.pr.gov.br\/site\/wp-content\/uploads\/2022\/01\/PAINELEDSON-DENOBI-7-1024x683.jpg\" target=\"_self\"    >PAINEL(EDSON DENOBI) (7)<\/a>\n\n\n\t<img decoding=\"async\" class=\"ms-thumb\" src=\"http:\/\/www.apucarana.pr.gov.br\/site\/wp-content\/uploads\/2022\/01\/PAINELEDSON-DENOBI-7-1024x683-140x80.jpg\" alt=\"PAINEL(EDSON DENOBI) (7)\" \/>\n\t\t\t\t<\/div>\n\n\t\t\t<\/div>\n\t\t\t<!-- END MasterSlider Main -->\n\n\t\t\t \n\t\t<\/div>\n\t\t<!-- END MasterSlider -->\n\n\t\t<script>\n\t\t( window.MSReady = window.MSReady || [] ).push( function( $ ) {\n\n\t\t\t\"use strict\";\n\t\t\tvar masterslider_f562 = new MasterSlider();\n\n\t\t\t\/\/ slider controls\n\t\t\tmasterslider_f562.control('arrows'     ,{ autohide:true, overVideo:true  });\n\t\t\tmasterslider_f562.control('thumblist'  ,{ autohide:false, overVideo:true, dir:'h', speed:17, inset:false, arrows:false, hover:false, customClass:'', align:'bottom',type:'thumbs', margin:2, width:140, height:80, space:2, fillMode:'fill'  });\n\t\t\t\/\/ slider setup\n\t\t\tmasterslider_f562.setup(\"MS69f329859f562\", {\n\t\t\t\twidth           : 960,\n\t\t\t\theight          : 540,\n\t\t\t\tminHeight       : 0,\n\t\t\t\tspace           : 0,\n\t\t\t\tstart           : 1,\n\t\t\t\tgrabCursor      : true,\n\t\t\t\tswipe           : true,\n\t\t\t\tmouse           : true,\n\t\t\t\tkeyboard        : false,\n\t\t\t\tlayout          : \"fillwidth\",\n\t\t\t\twheel           : false,\n\t\t\t\tautoplay        : true,\n                instantStartLayers:false,\n\t\t\t\tmobileBGVideo:false,\n\t\t\t\tloop            : true,\n\t\t\t\tshuffle         : false,\n\t\t\t\tpreload         : 3,\n\t\t\t\theightLimit     : false,\n\t\t\t\tautoHeight      : false,\n\t\t\t\tsmoothHeight    : true,\n\t\t\t\tendPause        : false,\n\t\t\t\toverPause       : false,\n\t\t\t\tfillMode        : \"fill\",\n\t\t\t\tcenterControls  : true,\n\t\t\t\tstartOnAppear   : false,\n\t\t\t\tlayersMode      : \"center\",\n\t\t\t\tautofillTarget  : \"\",\n\t\t\t\thideLayers      : false,\n\t\t\t\tfullscreenMargin: 0,\n\t\t\t\tspeed           : 17,\n\t\t\t\tdir             : \"h\",\n\t\t\t\tresponsive      : true,\n\t\t\t\ttabletWidth     : 768,\n\t\t\t\ttabletHeight    : null,\n\t\t\t\tphoneWidth      : 480,\n\t\t\t\tphoneHeight    : null,\n\t\t\t\tsizingReference : window,\n\t\t\t\tparallaxMode    : 'swipe',\n\t\t\t\tview            : \"basic\"\n\t\t\t});\n\n\t\t\t\n\t\t\twindow.masterslider_instances = window.masterslider_instances || [];\n\t\t\twindow.masterslider_instances.push( masterslider_f562 );\n\t\t});\n\t\t<\/script>\n\n\n<p>Compositores e int\u00e9rpretes das 15 can\u00e7\u00f5es classificadas no Concurso Musical \u201cEu amo Apucarana\u201d sobem ao palco do Cine Teatro F\u00eanix nesta ter\u00e7a-feira (25\/01) para a grava\u00e7\u00e3o do DVD comemorativo aos 78 anos de Apucarana. Uma realiza\u00e7\u00e3o da Secretaria Municipal da Promo\u00e7\u00e3o Art\u00edstica, Cultural e Tur\u00edstica (Promatur), a a\u00e7\u00e3o visa incentivar a cultura musical, valorizando agentes culturais, fatos e acontecimentos que marcaram a hist\u00f3ria do munic\u00edpio.<\/p>\n<p>\u201cPoder\u00edamos fazer apenas um show de apresenta\u00e7\u00e3o das can\u00e7\u00f5es classificadas, mas isso iria parar ali. O DVD se tornar\u00e1 um documento hist\u00f3rico, eternizando o amor por Apucarana\u201d, pontua o prefeito J\u00fanior da Femac. Inicialmente est\u00e1 prevista a edi\u00e7\u00e3o de 500 unidades. \u201cOs artistas ter\u00e3o direito a alguns exemplares e c\u00f3pias do produto cultural ser\u00e3o encaminhadas pela Promatur para os principais museus e bibliotecas p\u00fablicas do Paran\u00e1\u201d, revela o prefeito.<\/p>\n<p>As grava\u00e7\u00f5es iniciam \u00e0s 19 horas sem acesso ao p\u00fablico. \u201cGostar\u00edamos de abrir as portas da Casa da Cultura para que a popula\u00e7\u00e3o pudesse prestigiar este momento hist\u00f3rico, mas devido \u00e0 nova onda de cont\u00e1gios da pandemia n\u00e3o ser\u00e1 poss\u00edvel. Mas, gra\u00e7as \u00e0 tecnologia, as pessoas poder\u00e3o acompanhar tudo ao vivo pela internet atrav\u00e9s do facebook oficial da Prefeitura de Apucarana\u201d, informa professora Maria Agar Borba, secret\u00e1ria Municipal da Promatur. O endere\u00e7o da rede social \u00e9 https:\/\/www.facebook.com\/prefeituradeapucarana.<\/p>\n<p>De acordo com M\u00e1rio Felippe Rodrigues, superintendente da Promatur e coordenador-geral do concurso, mesmo sem p\u00fablico o protocolo preventivo ao novo coronav\u00edrus (Covid-19) ser\u00e1 rigoroso entre os envolvidos com a grava\u00e7\u00e3o. \u201cA ordem de apresenta\u00e7\u00f5es foi definida em sorteio. Como aconteceu no Femudap, cada grupo foi orientado a chegar pr\u00f3ximo ao hor\u00e1rio de sua grava\u00e7\u00e3o para evitar aglomera\u00e7\u00e3o. Quando uma apresenta\u00e7\u00e3o terminar, entra uma equipe para higienizar todo o ambiente, equipamentos e microfones para o que o pr\u00f3ximo grupo de artistas acesse o local\u201d, detalhou Rodrigues.<\/p>\n<p>Das 15 letras classificadas para compor o DVD comemorativo aos 78 anos de Apucarana nove s\u00e3o de artistas de Apucarana, dois de Londrina, dois de Santa F\u00e9 (PR), um de Lebon R\u00e9gis (SC) e um de Alta Floresta (MT). \u201cA sele\u00e7\u00e3o aconteceu por parte de um j\u00fari especializado e independente, sendo que a classifica\u00e7\u00e3o teve como base o regulamento-geral do concurso, que estabeleceu como crit\u00e9rios a letra, melodia e interpreta\u00e7\u00e3o, sendo obrigatoriamente m\u00fasica in\u00e9dita autoral\u201d, finaliza M\u00e1rio Felippe Rodrigues, superintendente da Promatur e coordenador-geral do concurso. Al\u00e9m da grava\u00e7\u00e3o do DVD, a premia\u00e7\u00e3o foi de R$300 em dinheiro a cada classificado.<\/p>\n<p>Rela\u00e7\u00e3o das apresenta\u00e7\u00f5es musicais<\/p>\n<p>01 &#8211; M\u00fasica: Simplesmente Apucarana<br \/>\nInt\u00e9rprete: Luiz Marcelo<br \/>\nAutor: Luiz Marcelo<\/p>\n<p>02 &#8211; M\u00fasica: Filhos do Som<br \/>\nInt\u00e9rprete: Luiza Campos<br \/>\nAutor: Luiza Campos<\/p>\n<p>03 &#8211; M\u00fasica: I\u00eado Marques, um tributo a Apucarana<br \/>\nInt\u00e9rprete: Edson Ferracini<br \/>\nAutor: Edson Ferracini<\/p>\n<p>04 &#8211; M\u00fasica: Apucarana<br \/>\nInt\u00e9rprete: David Mour<br \/>\nAutor: David Mour<\/p>\n<p>05 &#8211; M\u00fasica: Aben\u00e7oada Terra Vermelha<br \/>\nInt\u00e9rprete: C\u00e9lio Cez\u00e1rio<br \/>\nAutor: C\u00e9lio Cez\u00e1rio<\/p>\n<p>06 &#8211; M\u00fasica: Tempestade musical<br \/>\nInt\u00e9rprete: Micheli Mi<br \/>\nAutor: Micheli Mi<\/p>\n<p>07 &#8211; M\u00fasica: Apucarana Terra de Vulc\u00e3o<br \/>\nInt\u00e9rprete: Cezar Neves<br \/>\nAutor: Cezar Neves<\/p>\n<p>08 &#8211; M\u00fasica: Cidade Alta<br \/>\nInt\u00e9rprete: Robison Canuto<br \/>\nAutor: Robison Canuto<\/p>\n<p>09 &#8211; M\u00fasica: Apucarana voc\u00ea me conquistou<br \/>\nInt\u00e9rprete: H\u00e9lio Junior<br \/>\nAutor: H\u00e9lio Junior<\/p>\n<p>10- M\u00fasica: Apuclimatizada<br \/>\nInt\u00e9rprete: P\u00e9rola Clepaldi<br \/>\nAutor: Miguel Junior Lorin<\/p>\n<p>11 &#8211; M\u00fasica: Eu Amo Apucarana<br \/>\nInt\u00e9rprete: Agnaldo Oliveira<br \/>\nAutor: Agnaldo Oliveira<\/p>\n<p>12 \u2013 M\u00fasica: Apucarana Querida<br \/>\nInt\u00e9rprete: Rafael Augusto<br \/>\nAutor: Rafael Augusto<\/p>\n<p>13 &#8211; M\u00fasica: Sou Filho dessa Terra<br \/>\nInt\u00e9rprete: S\u00e9rgio Flausino<br \/>\nAutor: S\u00e9rgio Flausino<\/p>\n<p>14 &#8211; M\u00fasica: Cidade de Apucarana<br \/>\nInt\u00e9rprete: Robison Canuto<br \/>\nAutor: Fernando Jos\u00e9 de Freitas<\/p>\n<p>15 &#8211; M\u00fasica: \u00c0 Bela Apucarana<br \/>\nInt\u00e9rprete: Adilson Greg\u00f3rio<br \/>\nAutor: Anderson Palhano Domingues<\/p>\n","protected":false},"excerpt":{"rendered":"<p>Compositores e int&eacute;rpretes das 15 can&ccedil;&otilde;es classificadas no Concurso Musical &ldquo;Eu amo Apucarana&rdquo; sobem ao palco do Cine Teatro F&ecirc;nix nesta ter&ccedil;a-feira (25\/01) para a grava&ccedil;&atilde;o do DVD comemorativo aos 78 anos de Apucarana. Uma realiza&ccedil;&atilde;o da Secretaria Municipal da Promo&ccedil;&atilde;o Art&iacute;stica, Cultural e Tur&iacute;stica (Promatur), a a&ccedil;&atilde;o visa incentivar a cultura musical, valorizando agentes [&hellip;]<\/p>\n","protected":false},"author":7,"featured_media":59108,"comment_status":"closed","ping_status":"closed","sticky":false,"template":"","format":"standard","meta":{"footnotes":""},"categories":[24],"tags":[],"class_list":["post-59106","post","type-post","status-publish","format-standard","has-post-thumbnail","hentry","category-noticias"],"acf":[],"_links":{"self":[{"href":"http:\/\/www.apucarana.pr.gov.br\/site\/wp-json\/wp\/v2\/posts\/59106","targetHints":{"allow":["GET"]}}],"collection":[{"href":"http:\/\/www.apucarana.pr.gov.br\/site\/wp-json\/wp\/v2\/posts"}],"about":[{"href":"http:\/\/www.apucarana.pr.gov.br\/site\/wp-json\/wp\/v2\/types\/post"}],"author":[{"embeddable":true,"href":"http:\/\/www.apucarana.pr.gov.br\/site\/wp-json\/wp\/v2\/users\/7"}],"replies":[{"embeddable":true,"href":"http:\/\/www.apucarana.pr.gov.br\/site\/wp-json\/wp\/v2\/comments?post=59106"}],"version-history":[{"count":1,"href":"http:\/\/www.apucarana.pr.gov.br\/site\/wp-json\/wp\/v2\/posts\/59106\/revisions"}],"predecessor-version":[{"id":59112,"href":"http:\/\/www.apucarana.pr.gov.br\/site\/wp-json\/wp\/v2\/posts\/59106\/revisions\/59112"}],"wp:featuredmedia":[{"embeddable":true,"href":"http:\/\/www.apucarana.pr.gov.br\/site\/wp-json\/wp\/v2\/media\/59108"}],"wp:attachment":[{"href":"http:\/\/www.apucarana.pr.gov.br\/site\/wp-json\/wp\/v2\/media?parent=59106"}],"wp:term":[{"taxonomy":"category","embeddable":true,"href":"http:\/\/www.apucarana.pr.gov.br\/site\/wp-json\/wp\/v2\/categories?post=59106"},{"taxonomy":"post_tag","embeddable":true,"href":"http:\/\/www.apucarana.pr.gov.br\/site\/wp-json\/wp\/v2\/tags?post=59106"}],"curies":[{"name":"wp","href":"https:\/\/api.w.org\/{rel}","templated":true}]}}