{"id":59105,"date":"2022-01-24T17:35:17","date_gmt":"2022-01-24T20:35:17","guid":{"rendered":"http:\/\/www.apucarana.pr.gov.br\/site\/?p=59105"},"modified":"2024-10-08T09:25:14","modified_gmt":"2024-10-08T12:25:14","slug":"apucarana-confirma-um-obito-e-mais-592-casos-de-covid-19-nesta-segunda-feira","status":"publish","type":"post","link":"http:\/\/www.apucarana.pr.gov.br\/site\/apucarana-confirma-um-obito-e-mais-592-casos-de-covid-19-nesta-segunda-feira\/","title":{"rendered":"Apucarana confirma um \u00f3bito e mais 592 casos de Covid-19 nesta segunda-feira"},"content":{"rendered":"\n\t\t<!-- MasterSlider -->\n\t\t<div id=\"P_MS69f32973ac57a\" class=\"master-slider-parent master-slider-gallery   ms-parent-id-0\" style=\"\" >\n\n\t\t\t\n\t\t\t<!-- MasterSlider Main -->\n\t\t\t<div id=\"MS69f32973ac57a\" class=\"master-slider ms-skin-default\" >\n\t\t\t\t \t\t\t\t \n\t\t\t<div  class=\"ms-slide\" data-delay=\"3\"    >\n\t\t\t\t\t<img decoding=\"async\" src=\"http:\/\/www.apucarana.pr.gov.br\/site\/wp-content\/plugins\/masterslider\/public\/assets\/css\/blank.gif\" alt=\"covid-1\" title=\"covid-1\" data-src=\"http:\/\/www.apucarana.pr.gov.br\/site\/wp-content\/uploads\/2021\/11\/covid-1.jpg\" \/>\n\t<a href=\"http:\/\/www.apucarana.pr.gov.br\/site\/wp-content\/uploads\/2021\/11\/covid-1.jpg\" target=\"_self\"    >covid-1<\/a>\n\n\n\t\t\t\t<\/div>\n\n\t\t\t<\/div>\n\t\t\t<!-- END MasterSlider Main -->\n\n\t\t\t \n\t\t<\/div>\n\t\t<!-- END MasterSlider -->\n\n\t\t<script>\n\t\t( window.MSReady = window.MSReady || [] ).push( function( $ ) {\n\n\t\t\t\"use strict\";\n\t\t\tvar masterslider_c57a = new MasterSlider();\n\n\t\t\t\/\/ slider controls\n\t\t\tmasterslider_c57a.control('arrows'     ,{ autohide:true, overVideo:true  });\n\t\t\t\/\/ slider setup\n\t\t\tmasterslider_c57a.setup(\"MS69f32973ac57a\", {\n\t\t\t\twidth           : 960,\n\t\t\t\theight          : 540,\n\t\t\t\tminHeight       : 0,\n\t\t\t\tspace           : 0,\n\t\t\t\tstart           : 1,\n\t\t\t\tgrabCursor      : true,\n\t\t\t\tswipe           : true,\n\t\t\t\tmouse           : true,\n\t\t\t\tkeyboard        : false,\n\t\t\t\tlayout          : \"fillwidth\",\n\t\t\t\twheel           : false,\n\t\t\t\tautoplay        : true,\n                instantStartLayers:false,\n\t\t\t\tmobileBGVideo:false,\n\t\t\t\tloop            : true,\n\t\t\t\tshuffle         : false,\n\t\t\t\tpreload         : 3,\n\t\t\t\theightLimit     : false,\n\t\t\t\tautoHeight      : false,\n\t\t\t\tsmoothHeight    : true,\n\t\t\t\tendPause        : false,\n\t\t\t\toverPause       : false,\n\t\t\t\tfillMode        : \"fill\",\n\t\t\t\tcenterControls  : true,\n\t\t\t\tstartOnAppear   : false,\n\t\t\t\tlayersMode      : \"center\",\n\t\t\t\tautofillTarget  : \"\",\n\t\t\t\thideLayers      : false,\n\t\t\t\tfullscreenMargin: 0,\n\t\t\t\tspeed           : 17,\n\t\t\t\tdir             : \"h\",\n\t\t\t\tresponsive      : true,\n\t\t\t\ttabletWidth     : 768,\n\t\t\t\ttabletHeight    : null,\n\t\t\t\tphoneWidth      : 480,\n\t\t\t\tphoneHeight    : null,\n\t\t\t\tsizingReference : window,\n\t\t\t\tparallaxMode    : 'swipe',\n\t\t\t\tview            : \"basic\"\n\t\t\t});\n\n\t\t\t\n\t\t\twindow.masterslider_instances = window.masterslider_instances || [];\n\t\t\twindow.masterslider_instances.push( masterslider_c57a );\n\t\t});\n\t\t<\/script>\n\n\n<p>A Autarquia Municipal de Sa\u00fade (AMS) confirmou um \u00f3bito e mais 592 casos de Covid-19 nesta segunda-feira (24) em Apucarana. \u00c9 um novo recorde di\u00e1rio desde o in\u00edcio da pandemia. O munic\u00edpio soma agora 506 mortes e 24.418 diagn\u00f3sticos positivos do novo coronav\u00edrus.<\/p>\n<p>O \u00f3bito \u00e9 de um homem de 84 anos, com o esquema da vacina contra a Covid-19 incompleto (com registro no sistema de apenas a 1\u00aa dose da vacina Coronavac). Ele tinha comorbidades (etilismo e Hipertens\u00e3o Arterial Sist\u00eamica) e morreu no \u00faltimo domingo (23). Outros tr\u00eas \u00f3bitos suspeitos aguardam resultado de testes, segundo o boletim da AMS.<\/p>\n<p>Os novos casos confirmados s\u00e3o de 317 mulheres e 275 homens . Segundo boletim da AMS, o munic\u00edpio tem mais 260 suspeitas em investiga\u00e7\u00e3o.<\/p>\n<p>J\u00e1 foram testadas 76.185 pessoas, sendo 46.577 em testes r\u00e1pidos, 25.971 pelo Lacen (RT-PCR) e 3.637 por laborat\u00f3rios particulares (RT-PCR).<\/p>\n<p>S\u00e3o 17 pacientes de Apucarana internados no Hospital da Provid\u00eancia, sendo 2 na Unidade de Terapia Intensiva (UTI) e 15 na enfermaria.<\/p>\n<p>Desde 1\u00ba de janeiro, Apucarana j\u00e1 confirmou 5.666 casos de Covid-19.<\/p>\n","protected":false},"excerpt":{"rendered":"<p>A Autarquia Municipal de Sa&uacute;de (AMS) confirmou um &oacute;bito e mais 592 casos de Covid-19 nesta segunda-feira (24) em Apucarana. &Eacute; um novo recorde di&aacute;rio desde o in&iacute;cio da pandemia. O munic&iacute;pio soma agora 506 mortes e 24.418 diagn&oacute;sticos positivos do novo coronav&iacute;rus. O &oacute;bito &eacute; de um homem de 84 anos, com o esquema [&hellip;]<\/p>\n","protected":false},"author":3,"featured_media":55877,"comment_status":"closed","ping_status":"closed","sticky":false,"template":"","format":"standard","meta":{"footnotes":""},"categories":[34],"tags":[],"class_list":["post-59105","post","type-post","status-publish","format-standard","has-post-thumbnail","hentry","category-coronavirus"],"acf":[],"_links":{"self":[{"href":"http:\/\/www.apucarana.pr.gov.br\/site\/wp-json\/wp\/v2\/posts\/59105","targetHints":{"allow":["GET"]}}],"collection":[{"href":"http:\/\/www.apucarana.pr.gov.br\/site\/wp-json\/wp\/v2\/posts"}],"about":[{"href":"http:\/\/www.apucarana.pr.gov.br\/site\/wp-json\/wp\/v2\/types\/post"}],"author":[{"embeddable":true,"href":"http:\/\/www.apucarana.pr.gov.br\/site\/wp-json\/wp\/v2\/users\/3"}],"replies":[{"embeddable":true,"href":"http:\/\/www.apucarana.pr.gov.br\/site\/wp-json\/wp\/v2\/comments?post=59105"}],"version-history":[{"count":4,"href":"http:\/\/www.apucarana.pr.gov.br\/site\/wp-json\/wp\/v2\/posts\/59105\/revisions"}],"predecessor-version":[{"id":59113,"href":"http:\/\/www.apucarana.pr.gov.br\/site\/wp-json\/wp\/v2\/posts\/59105\/revisions\/59113"}],"wp:featuredmedia":[{"embeddable":true,"href":"http:\/\/www.apucarana.pr.gov.br\/site\/wp-json\/wp\/v2\/media\/55877"}],"wp:attachment":[{"href":"http:\/\/www.apucarana.pr.gov.br\/site\/wp-json\/wp\/v2\/media?parent=59105"}],"wp:term":[{"taxonomy":"category","embeddable":true,"href":"http:\/\/www.apucarana.pr.gov.br\/site\/wp-json\/wp\/v2\/categories?post=59105"},{"taxonomy":"post_tag","embeddable":true,"href":"http:\/\/www.apucarana.pr.gov.br\/site\/wp-json\/wp\/v2\/tags?post=59105"}],"curies":[{"name":"wp","href":"https:\/\/api.w.org\/{rel}","templated":true}]}}