{"id":583,"date":"2013-01-08T16:03:00","date_gmt":"2013-01-08T16:03:00","guid":{"rendered":"http:\/\/172.16.0.7\/site-antigo\/?p=583"},"modified":"2024-10-08T09:05:44","modified_gmt":"2024-10-08T12:05:44","slug":"beto-firma-parceria-para-a-oferta-de-500-vagas-gratuitos-pelo-senac","status":"publish","type":"post","link":"http:\/\/www.apucarana.pr.gov.br\/site\/beto-firma-parceria-para-a-oferta-de-500-vagas-gratuitos-pelo-senac\/","title":{"rendered":"Beto firma parceria para a oferta de 500 vagas gratuitos pelo Senac"},"content":{"rendered":"<p><div>O prefeito eleito de Apucarana, Beto Preto (PT), e seu vice, Junior da Femac (PDT), mantiveram reuni\u00e3o anteontem (08\/01), com o gerente executivo do Servi\u00e7o Nacional de Aprendizagem Comercial (SENAC), de Apucarana, Agnaldo Alves Cassemiro. No encontro foram tratadas de parcerias futuras entre a institui\u00e7\u00e3o e o munic\u00edpio, visando capacita\u00e7\u00e3o de jovens e de trabalhadores que j\u00e1 atuam no mercado.   <\/p>\n<p>Beto e Junior asseguraram a Cassemiro que t\u00eam plena consci\u00eancia da import&acirc;ncia do trabalho desenvolvido pelo SENAC, por atuarem diretamente em institui\u00e7\u00e3o similar. Junior integra a diretoria estadual do Servi\u00e7o Social da Ind\u00fastria (SESI) e Beto Preto \u00e9 prestador de servi\u00e7os m\u00e9dicos a filiados do SESI. &ldquo;Vamos fazer tudo que estiver ao nosso alcance para contribuir com o bom desempenho das atividades do SENAC&rdquo;, assinalou Beto. <\/p>\n<p>Durante a reuni\u00e3o, Agnaldo Alves Cassemiro oficializou ao prefeito eleito a oferta de cerca de 500 vagas, a partir do in\u00edcio de 2013, em cursos gratuitos para Apucarana e regi\u00e3o. Segundo ele, a institui\u00e7\u00e3o vai investir cerca de R$ 1,5 milh\u00e3o na oferta destes cursos. &ldquo;&Agrave;s vezes temos dificuldades para fechar turmas&rdquo;, admitiu Cassemiro, acrescentando que espera dispor do apoio da prefeitura local para cumprir as metas do SENAC. <\/p>\n<p>O gerente executivo do SENAC tamb\u00e9m reivindicou apoio a Beto Preto e Junior da Femac no sentido de que o SENAC, instalado no Parque Jaboti, passe a dispor de mais linhas de &ocirc;nibus do transporte coletivo urbano. &ldquo;Os &ocirc;nibus da VAL passam por aqui somente de hora em hora e, principalmente, nos hor\u00e1rios de in\u00edcio e encerramento de aulas &ndash; notadamente \u00e0 noite &ndash; precisamos dispor de mais linhas&rdquo;, explicou o gerente do SENAC. Segundo ele, a reivindica\u00e7\u00e3o tamb\u00e9m se ampara na garantia de mais seguran\u00e7a aos alunos. Beto Preto se manifestou solid\u00e1rio \u00e0 dire\u00e7\u00e3o do SENAC e adiantou que ir\u00e1 intermediar solu\u00e7\u00f5es para o problema. <\/p>\n<p>&ldquo;Vamos firmar parcerias produtivas com o Senac, via Pronatec, a exemplo do que negociamos com o SENAI, entidade com a qual j\u00e1 asseguramos a oferta gratuita de mil vagas em cursos profissionalizantes&rdquo;, anunciou Beto Preto. O prefeito eleito de Apucarana concluiu assinalando que a qualifica\u00e7\u00e3o dos trabalhadores \u00e9 uma exig\u00eancia do mercado de trabalho e ter\u00e1 prioridade em seu governo.<\/p>\n<p>Tamb\u00e9m participaram da reuni\u00e3o Geisiane Rizo (gerente executiva), Willian Caetano (t\u00e9cnico em educa\u00e7\u00e3o profissional) e Daniele Ara\u00fajo (t\u00e9cnica em rela\u00e7\u00e3o com o mercado). <\/p>\n<\/div>\n<p><\/p>\n","protected":false},"excerpt":{"rendered":"<p>Beto Preto e Junior da Femac, em reuni&atilde;o com o gerente executivo do SENAC, Agnaldo Alves Cassemiro e sua equipe de trabalho<\/p>\n","protected":false},"author":4,"featured_media":0,"comment_status":"closed","ping_status":"closed","sticky":false,"template":"","format":"standard","meta":{"footnotes":""},"categories":[24],"tags":[],"class_list":["post-583","post","type-post","status-publish","format-standard","hentry","category-noticias"],"acf":[],"_links":{"self":[{"href":"http:\/\/www.apucarana.pr.gov.br\/site\/wp-json\/wp\/v2\/posts\/583","targetHints":{"allow":["GET"]}}],"collection":[{"href":"http:\/\/www.apucarana.pr.gov.br\/site\/wp-json\/wp\/v2\/posts"}],"about":[{"href":"http:\/\/www.apucarana.pr.gov.br\/site\/wp-json\/wp\/v2\/types\/post"}],"author":[{"embeddable":true,"href":"http:\/\/www.apucarana.pr.gov.br\/site\/wp-json\/wp\/v2\/users\/4"}],"replies":[{"embeddable":true,"href":"http:\/\/www.apucarana.pr.gov.br\/site\/wp-json\/wp\/v2\/comments?post=583"}],"version-history":[{"count":1,"href":"http:\/\/www.apucarana.pr.gov.br\/site\/wp-json\/wp\/v2\/posts\/583\/revisions"}],"predecessor-version":[{"id":106369,"href":"http:\/\/www.apucarana.pr.gov.br\/site\/wp-json\/wp\/v2\/posts\/583\/revisions\/106369"}],"wp:attachment":[{"href":"http:\/\/www.apucarana.pr.gov.br\/site\/wp-json\/wp\/v2\/media?parent=583"}],"wp:term":[{"taxonomy":"category","embeddable":true,"href":"http:\/\/www.apucarana.pr.gov.br\/site\/wp-json\/wp\/v2\/categories?post=583"},{"taxonomy":"post_tag","embeddable":true,"href":"http:\/\/www.apucarana.pr.gov.br\/site\/wp-json\/wp\/v2\/tags?post=583"}],"curies":[{"name":"wp","href":"https:\/\/api.w.org\/{rel}","templated":true}]}}