{"id":57739,"date":"2022-01-14T15:05:23","date_gmt":"2022-01-14T18:05:23","guid":{"rendered":"http:\/\/www.apucarana.pr.gov.br\/site\/?p=57739"},"modified":"2024-10-08T09:25:17","modified_gmt":"2024-10-08T12:25:17","slug":"governo-vai-investir-r-12-milhoes-em-apucarana","status":"publish","type":"post","link":"http:\/\/www.apucarana.pr.gov.br\/site\/governo-vai-investir-r-12-milhoes-em-apucarana\/","title":{"rendered":"Governo vai investir R$ 12 milh\u00f5es em Apucarana"},"content":{"rendered":"\n\t\t<!-- MasterSlider -->\n\t\t<div id=\"P_MS69f364f695129\" class=\"master-slider-parent master-slider-gallery   ms-parent-id-0\" style=\"\" >\n\n\t\t\t\n\t\t\t<!-- MasterSlider Main -->\n\t\t\t<div id=\"MS69f364f695129\" class=\"master-slider ms-skin-default\" >\n\t\t\t\t \t\t\t\t \n\t\t\t<div  class=\"ms-slide\" data-delay=\"3\"    >\n\t\t\t\t\t<img decoding=\"async\" src=\"http:\/\/www.apucarana.pr.gov.br\/site\/wp-content\/plugins\/masterslider\/public\/assets\/css\/blank.gif\" alt=\"ESCOLA-GODOMA-1-scaled\" title=\"ESCOLA-GODOMA-1-scaled\" data-src=\"http:\/\/www.apucarana.pr.gov.br\/site\/wp-content\/uploads\/2022\/01\/ESCOLA-GODOMA-1-scaled-1-1024x664.jpg\" \/>\n\t<a href=\"http:\/\/www.apucarana.pr.gov.br\/site\/wp-content\/uploads\/2022\/01\/ESCOLA-GODOMA-1-scaled-1-1024x664.jpg\" target=\"_self\"    >ESCOLA-GODOMA-1-scaled<\/a>\n\n\n\t<img decoding=\"async\" class=\"ms-thumb\" src=\"http:\/\/www.apucarana.pr.gov.br\/site\/wp-content\/uploads\/2022\/01\/ESCOLA-GODOMA-1-scaled-1-1024x664-140x80.jpg\" alt=\"ESCOLA-GODOMA-1-scaled\" \/>\n\t\t\t\t<\/div>\n\t\t\t<div  class=\"ms-slide\" data-delay=\"3\"    >\n\t\t\t\t\t<img decoding=\"async\" src=\"http:\/\/www.apucarana.pr.gov.br\/site\/wp-content\/plugins\/masterslider\/public\/assets\/css\/blank.gif\" alt=\"ESCOLA-GODOMA-2-scaled\" title=\"ESCOLA-GODOMA-2-scaled\" data-src=\"http:\/\/www.apucarana.pr.gov.br\/site\/wp-content\/uploads\/2022\/01\/ESCOLA-GODOMA-2-scaled-1-1024x676.jpg\" \/>\n\t<a href=\"http:\/\/www.apucarana.pr.gov.br\/site\/wp-content\/uploads\/2022\/01\/ESCOLA-GODOMA-2-scaled-1-1024x676.jpg\" target=\"_self\"    >ESCOLA-GODOMA-2-scaled<\/a>\n\n\n\t<img decoding=\"async\" class=\"ms-thumb\" src=\"http:\/\/www.apucarana.pr.gov.br\/site\/wp-content\/uploads\/2022\/01\/ESCOLA-GODOMA-2-scaled-1-1024x676-140x80.jpg\" alt=\"ESCOLA-GODOMA-2-scaled\" \/>\n\t\t\t\t<\/div>\n\t\t\t<div  class=\"ms-slide\" data-delay=\"3\"    >\n\t\t\t\t\t<img decoding=\"async\" src=\"http:\/\/www.apucarana.pr.gov.br\/site\/wp-content\/plugins\/masterslider\/public\/assets\/css\/blank.gif\" alt=\"ESCOLA-GODOMA-3-scaled\" title=\"ESCOLA-GODOMA-3-scaled\" data-src=\"http:\/\/www.apucarana.pr.gov.br\/site\/wp-content\/uploads\/2022\/01\/ESCOLA-GODOMA-3-scaled-1-1024x662.jpg\" \/>\n\t<a href=\"http:\/\/www.apucarana.pr.gov.br\/site\/wp-content\/uploads\/2022\/01\/ESCOLA-GODOMA-3-scaled-1-1024x662.jpg\" target=\"_self\"    >ESCOLA-GODOMA-3-scaled<\/a>\n\n\n\t<img decoding=\"async\" class=\"ms-thumb\" src=\"http:\/\/www.apucarana.pr.gov.br\/site\/wp-content\/uploads\/2022\/01\/ESCOLA-GODOMA-3-scaled-1-1024x662-140x80.jpg\" alt=\"ESCOLA-GODOMA-3-scaled\" \/>\n\t\t\t\t<\/div>\n\n\t\t\t<\/div>\n\t\t\t<!-- END MasterSlider Main -->\n\n\t\t\t \n\t\t<\/div>\n\t\t<!-- END MasterSlider -->\n\n\t\t<script>\n\t\t( window.MSReady = window.MSReady || [] ).push( function( $ ) {\n\n\t\t\t\"use strict\";\n\t\t\tvar masterslider_5129 = new MasterSlider();\n\n\t\t\t\/\/ slider controls\n\t\t\tmasterslider_5129.control('arrows'     ,{ autohide:true, overVideo:true  });\n\t\t\tmasterslider_5129.control('thumblist'  ,{ autohide:false, overVideo:true, dir:'h', speed:17, inset:false, arrows:false, hover:false, customClass:'', align:'bottom',type:'thumbs', margin:2, width:140, height:80, space:2, fillMode:'fill'  });\n\t\t\t\/\/ slider setup\n\t\t\tmasterslider_5129.setup(\"MS69f364f695129\", {\n\t\t\t\twidth           : 960,\n\t\t\t\theight          : 540,\n\t\t\t\tminHeight       : 0,\n\t\t\t\tspace           : 0,\n\t\t\t\tstart           : 1,\n\t\t\t\tgrabCursor      : true,\n\t\t\t\tswipe           : true,\n\t\t\t\tmouse           : true,\n\t\t\t\tkeyboard        : false,\n\t\t\t\tlayout          : \"fillwidth\",\n\t\t\t\twheel           : false,\n\t\t\t\tautoplay        : true,\n                instantStartLayers:false,\n\t\t\t\tmobileBGVideo:false,\n\t\t\t\tloop            : true,\n\t\t\t\tshuffle         : false,\n\t\t\t\tpreload         : 3,\n\t\t\t\theightLimit     : false,\n\t\t\t\tautoHeight      : false,\n\t\t\t\tsmoothHeight    : true,\n\t\t\t\tendPause        : false,\n\t\t\t\toverPause       : false,\n\t\t\t\tfillMode        : \"fill\",\n\t\t\t\tcenterControls  : true,\n\t\t\t\tstartOnAppear   : false,\n\t\t\t\tlayersMode      : \"center\",\n\t\t\t\tautofillTarget  : \"\",\n\t\t\t\thideLayers      : false,\n\t\t\t\tfullscreenMargin: 0,\n\t\t\t\tspeed           : 17,\n\t\t\t\tdir             : \"h\",\n\t\t\t\tresponsive      : true,\n\t\t\t\ttabletWidth     : 768,\n\t\t\t\ttabletHeight    : null,\n\t\t\t\tphoneWidth      : 480,\n\t\t\t\tphoneHeight    : null,\n\t\t\t\tsizingReference : window,\n\t\t\t\tparallaxMode    : 'swipe',\n\t\t\t\tview            : \"basic\"\n\t\t\t});\n\n\t\t\t\n\t\t\twindow.masterslider_instances = window.masterslider_instances || [];\n\t\t\twindow.masterslider_instances.push( masterslider_5129 );\n\t\t});\n\t\t<\/script>\n\n\n<p>O secret\u00e1rio de estado da sa\u00fade, Beto Preto, participou na manh\u00e3 de hoje (14) de reuni\u00e3o com dirigentes de escolas estaduais, na sede do N\u00facleo Regional de Educa\u00e7\u00e3o (NRE). Durante o encontro ele anunciou que o Governo do Estado ir\u00e1 investir cerca de R$12 milh\u00f5es em Apucarana, na \u00e1rea da educa\u00e7\u00e3o. \u201cTrata-se da constru\u00e7\u00e3o da sede pr\u00f3pria do Col\u00e9gio Estadual Godom\u00e1 Bevilacqua, no distrito de Vila Reis; e a retomada das obras de reforma e amplia\u00e7\u00e3o do Col\u00e9gio Agr\u00edcola Estadual Manoel Ribas\u201d, informou Beto Preto.<\/p>\n<p>Na reuni\u00e3o, o prefeito de Apucarana, ao lado do seu vice, Paulo Vital, repassou ao chefe do Departamento de Engenharia e Projetos\u00a0 (DEP), do Instituto Paranaense de Desenvolvimento Educacional (Fundepar), C\u00e9lio Jos\u00e9 Gon\u00e7alves Watter, o plano altim\u00e9trico e os estudos preliminares referentes \u00e0 sondagem do terreno, visando as obras de funda\u00e7\u00e3o da futura sede pr\u00f3pria do Col\u00e9gio Godom\u00e1.<\/p>\n<p>O prefeito Junior da Femac agradeceu ao governador Ratinho Junior por contemplar Apucarana com estas importantes obras na \u00e1rea da educa\u00e7\u00e3o. \u201cAgradecemos tamb\u00e9m ao empenho do secret\u00e1rio Beto preto, que tem sido o guardi\u00e3o dos interesses de Apucarana e regi\u00e3o junto ao Governo do Estado\u201d, comentou Junior da Femac, acrescentando ainda que, mesmo durante a pandemia, o Paran\u00e1 segue executando obras e programas do interesse dos munic\u00edpios.<\/p>\n<p>Conforme explicou o secret\u00e1rio Beto Preto, estas s\u00e3o obras das quais participou da negocia\u00e7\u00e3o e que tiveram tamb\u00e9m o apoio dos deputados Delegado Jacov\u00f3s e Terc\u00edlio Turini, al\u00e9m do prefeito Junior da Femac, do vereador Marcos da Vila Reis. \u201cO investimento para a constru\u00e7\u00e3o do Col\u00e9gio Godom\u00e1 Bevilacqua ser\u00e1 da ordem de R$ 9 milh\u00f5es; enquanto que a retomada das obras do Col\u00e9gio Agr\u00edcola est\u00e1 or\u00e7ada em R$3,3 milh\u00f5es\u201d, revelou Beto Preto, lembrando ainda que mais R$ 3 milh\u00f5es ser\u00e3o investidos em outros projetos na regi\u00e3o.<\/p>\n<p>O chefe do Departamento de Engenharia e Projetos\u00a0 (DEP) da Fundepar, C\u00e9lio Jos\u00e9 Gon\u00e7alves Watter, fez quest\u00e3o de enaltecer a parceria com a Prefeitura de Apucarana. \u201cSe n\u00e3o fosse o apoio da secretaria de obras e do Idepplan, n\u00e3o estar\u00edamos aqui hoje avan\u00e7ando neste projeto do col\u00e9gio estadual de Vila Reis. A partir de agora, vamos conseguir a curto prazo, fazer andar esse processo, para a publica\u00e7\u00e3o do edital de licita\u00e7\u00e3o desta obra\u201d, anunciou C\u00e9lio Watter.<\/p>\n<p>Tamb\u00e9m participaram da reuni\u00e3o no N\u00facleo Regional de Educa\u00e7\u00e3o, o presidente da C\u00e2mara de Apucarana, Franciley Preto Poim; o chefe do NRE, Vladimir Barbosa da Silva; o diretor do Col\u00e9gio Estadual Godom\u00e1 Bevilacqua, Leonardo Rocha Oliveira; e a diretora do Col\u00e9gio Agr\u00edcola, Rosiney Pimenta Campos.<\/p>\n<p>Atualmente o Col\u00e9gio Estadual Godom\u00e1 funciona em estrutura compartilhada com o pr\u00e9dio da Escola Municipal Jos\u00e9 de Alencar. O col\u00e9gio tem 280 alunos matriculados em turmas do 6\u00ba ano e do ensino m\u00e9dio.<\/p>\n","protected":false},"excerpt":{"rendered":"<p>O secret&aacute;rio de estado da sa&uacute;de, Beto Preto, participou na manh&atilde; de hoje (14) de reuni&atilde;o com dirigentes de escolas estaduais, na sede do N&uacute;cleo Regional de Educa&ccedil;&atilde;o (NRE). Durante o encontro ele anunciou que o Governo do Estado ir&aacute; investir cerca de R$12 milh&otilde;es em Apucarana, na &aacute;rea da educa&ccedil;&atilde;o. &ldquo;Trata-se da constru&ccedil;&atilde;o da [&hellip;]<\/p>\n","protected":false},"author":4,"featured_media":57743,"comment_status":"closed","ping_status":"closed","sticky":false,"template":"","format":"standard","meta":{"footnotes":""},"categories":[24],"tags":[],"class_list":["post-57739","post","type-post","status-publish","format-standard","has-post-thumbnail","hentry","category-noticias"],"acf":[],"_links":{"self":[{"href":"http:\/\/www.apucarana.pr.gov.br\/site\/wp-json\/wp\/v2\/posts\/57739","targetHints":{"allow":["GET"]}}],"collection":[{"href":"http:\/\/www.apucarana.pr.gov.br\/site\/wp-json\/wp\/v2\/posts"}],"about":[{"href":"http:\/\/www.apucarana.pr.gov.br\/site\/wp-json\/wp\/v2\/types\/post"}],"author":[{"embeddable":true,"href":"http:\/\/www.apucarana.pr.gov.br\/site\/wp-json\/wp\/v2\/users\/4"}],"replies":[{"embeddable":true,"href":"http:\/\/www.apucarana.pr.gov.br\/site\/wp-json\/wp\/v2\/comments?post=57739"}],"version-history":[{"count":1,"href":"http:\/\/www.apucarana.pr.gov.br\/site\/wp-json\/wp\/v2\/posts\/57739\/revisions"}],"predecessor-version":[{"id":57744,"href":"http:\/\/www.apucarana.pr.gov.br\/site\/wp-json\/wp\/v2\/posts\/57739\/revisions\/57744"}],"wp:featuredmedia":[{"embeddable":true,"href":"http:\/\/www.apucarana.pr.gov.br\/site\/wp-json\/wp\/v2\/media\/57743"}],"wp:attachment":[{"href":"http:\/\/www.apucarana.pr.gov.br\/site\/wp-json\/wp\/v2\/media?parent=57739"}],"wp:term":[{"taxonomy":"category","embeddable":true,"href":"http:\/\/www.apucarana.pr.gov.br\/site\/wp-json\/wp\/v2\/categories?post=57739"},{"taxonomy":"post_tag","embeddable":true,"href":"http:\/\/www.apucarana.pr.gov.br\/site\/wp-json\/wp\/v2\/tags?post=57739"}],"curies":[{"name":"wp","href":"https:\/\/api.w.org\/{rel}","templated":true}]}}