{"id":565,"date":"2013-01-04T14:55:00","date_gmt":"2013-01-04T14:55:00","guid":{"rendered":"http:\/\/172.16.0.7\/site-antigo\/?p=565"},"modified":"2024-10-08T09:05:44","modified_gmt":"2024-10-08T12:05:44","slug":"liderancas-de-pirapo-indicam-subprefeito","status":"publish","type":"post","link":"http:\/\/www.apucarana.pr.gov.br\/site\/liderancas-de-pirapo-indicam-subprefeito\/","title":{"rendered":"Lideran\u00e7as de Pirap\u00f3 indicam subprefeito"},"content":{"rendered":"<p>Uma comiss\u00e3o de moradores de Pirap\u00f3, integrada por cerca de trinta lideran\u00e7as, aprovou o nome de H\u00e9lio Fialho Garcia para o cargo de subprefeito do distrito. A indica\u00e7\u00e3o de Garcia havia sido discutida em reuni\u00e3o na comunidade e o referendo ocorreu em audi\u00eancia no gabinete do prefeito Beto Preto na noite de anteontem (quinta).   <\/p>\n<p>Ao receber os moradores do Pirap\u00f3, o prefeito Beto Preto manifestou seu agradecimento pela expressiva vit\u00f3ria obtida no distrito. Ao mesmo tempo, ele reiterou que ir\u00e1 honrar o compromisso de manter uma gest\u00e3o transparente e participativa. &ldquo;O di\u00e1logo com os cidad\u00e3os do Pirap\u00f3, a exemplo das demais regi\u00f5es do munic\u00edpio, sempre estar\u00e1 aberto&rdquo;, frisou Beto.<\/p>\n<p>No encontro, o prefeito tamb\u00e9m fez quest\u00e3o de lembrar a vota\u00e7\u00e3o expressiva obtida pelo principal candidato a vereador do distrito, Francisley de Godoi. &ldquo;O Poim, apesar da expressiva vota\u00e7\u00e3o n\u00e3o alcan\u00e7ou a vit\u00f3ria, mas est\u00e1 sendo valorizado como secret\u00e1rio, para dirigir a Autarquia Municipal de Servi\u00e7os Funer\u00e1rios, a Asserfa&rdquo;, informou Beto, acrescentando que o Poim continua sendo sua principal lideran\u00e7a no distrito. <\/p>\n<p>Durante a audi\u00eancia, lideran\u00e7as do distrito reivindicaram melhorias na ilumina\u00e7\u00e3o p\u00fablica, na pra\u00e7a principal e no servi\u00e7o de limpeza, al\u00e9m de reformas no gin\u00e1sio de esportes. A comiss\u00e3o manifestou ainda sua opini\u00e3o para a dire\u00e7\u00e3o da Escola Vereador Jos\u00e9 Ramos e cobrou melhor atendimento no posto de sa\u00fade. <\/p>\n<p>&ldquo;N\u00e3o precisamos de subprefeito para fazer varri\u00e7\u00e3o de ruas, queremos algu\u00e9m que tenha voz ativa e que atenda as necessidades mais urgentes de Pirap\u00f3&rdquo;, comentou &Eacute;dna Cavalcanti, moradora do distrito h\u00e1 45 anos. <\/p>\n<p>Ao ter seu nome referendado pela comiss\u00e3o, o novo subprefeito H\u00e9lio Fialho Garcia, anunciou que ir\u00e1 se empenhar ao m\u00e1ximo para atender aos anseios da comunidade. &ldquo;O prefeito Beto Preto garantiu que, gradativamente, vamos dispor de uma estrutura mais adequada, para realizar os servi\u00e7os com mais agilidade&rdquo;, assinalou Garcia. <\/p>\n<p><\/p>\n","protected":false},"excerpt":{"rendered":"<p>Nome de H&eacute;lio Fialho Garcia foi referendado por representantes da comunidade<\/p>\n","protected":false},"author":4,"featured_media":0,"comment_status":"closed","ping_status":"closed","sticky":false,"template":"","format":"standard","meta":{"footnotes":""},"categories":[24],"tags":[],"class_list":["post-565","post","type-post","status-publish","format-standard","hentry","category-noticias"],"acf":[],"_links":{"self":[{"href":"http:\/\/www.apucarana.pr.gov.br\/site\/wp-json\/wp\/v2\/posts\/565","targetHints":{"allow":["GET"]}}],"collection":[{"href":"http:\/\/www.apucarana.pr.gov.br\/site\/wp-json\/wp\/v2\/posts"}],"about":[{"href":"http:\/\/www.apucarana.pr.gov.br\/site\/wp-json\/wp\/v2\/types\/post"}],"author":[{"embeddable":true,"href":"http:\/\/www.apucarana.pr.gov.br\/site\/wp-json\/wp\/v2\/users\/4"}],"replies":[{"embeddable":true,"href":"http:\/\/www.apucarana.pr.gov.br\/site\/wp-json\/wp\/v2\/comments?post=565"}],"version-history":[{"count":1,"href":"http:\/\/www.apucarana.pr.gov.br\/site\/wp-json\/wp\/v2\/posts\/565\/revisions"}],"predecessor-version":[{"id":106373,"href":"http:\/\/www.apucarana.pr.gov.br\/site\/wp-json\/wp\/v2\/posts\/565\/revisions\/106373"}],"wp:attachment":[{"href":"http:\/\/www.apucarana.pr.gov.br\/site\/wp-json\/wp\/v2\/media?parent=565"}],"wp:term":[{"taxonomy":"category","embeddable":true,"href":"http:\/\/www.apucarana.pr.gov.br\/site\/wp-json\/wp\/v2\/categories?post=565"},{"taxonomy":"post_tag","embeddable":true,"href":"http:\/\/www.apucarana.pr.gov.br\/site\/wp-json\/wp\/v2\/tags?post=565"}],"curies":[{"name":"wp","href":"https:\/\/api.w.org\/{rel}","templated":true}]}}