{"id":564,"date":"2013-01-04T14:53:59","date_gmt":"2013-01-04T14:53:59","guid":{"rendered":"http:\/\/172.16.0.7\/site-antigo\/?p=564"},"modified":"2024-10-08T09:05:44","modified_gmt":"2024-10-08T12:05:44","slug":"verba-do-ministerio-do-esporte-garante-reforma-no-lagoao","status":"publish","type":"post","link":"http:\/\/www.apucarana.pr.gov.br\/site\/verba-do-ministerio-do-esporte-garante-reforma-no-lagoao\/","title":{"rendered":"Verba do Minist\u00e9rio do Esporte garante reforma no &#8220;Lago\u00e3o&#8221;"},"content":{"rendered":"<p>As infiltra\u00e7\u00f5es e goteiras que, nos \u00faltimos anos, prejudicaram a pr\u00e1tica esportiva e at\u00e9 alguns eventos no Gin\u00e1sio Lago\u00e3o, est\u00e3o com os dias contados. O Munic\u00edpio acaba de obter R$ 575.250,00, por meio de emenda ao Or\u00e7amento Geral da Uni\u00e3o, destinada \u00e0 reforma total da estrutura de cobertura da pra\u00e7a esportiva.   <\/p>\n<p>&ldquo;O recurso foi conquistado pelo deputado federal Andr\u00e9 Vargas (PT), nos \u00faltimos dias de dezembro, atendendo pedido apresentado pelo prefeito Beto Preto&rdquo;, informa o vice-prefeito e secret\u00e1rio de obras, Junior da femac. <\/p>\n<p>Segundo ele, o dinheiro j\u00e1 est\u00e1 disponibilizado, via Caixa Econ&ocirc;mica Federal, tendo sido repassado pelo Minist\u00e9rio do Esporte. O custeio da obra ter\u00e1 ainda uma contrapartida da Prefeitura de Apucarana. <\/p>\n<p>&ldquo;Temos ci\u00eancia de que o Lago\u00e3o precisa de muitas outras melhorias, al\u00e9m da reforma da cobertura, e isso ir\u00e1 acontecer de forma gradativa, para que nossos atletas e visitantes disponham de um local apropriado para jogos e eventos&rdquo;, avalia Junior. <\/p>\n<p>O prefeito Beto Preto anunciou ontem que os reparos necess\u00e1rios, bem como os materiais, j\u00e1 est\u00e3o sendo levantados e, em breve, sai o edital de licita\u00e7\u00e3o para contrata\u00e7\u00e3o da obra. &ldquo;&Eacute; inadimiss\u00edvel que jogos e at\u00e9 eventos culturais e religiosos fossem interrompidos ou at\u00e9 mesmo inviabilizados, pelo volume de \u00e1gua que escorria pela quadra e em outros setores do gin\u00e1sio de esportes&rdquo;, comentou Beto Preto, assinalando ainda que isso era uma vergonha para a cidade.<\/p>\n<p><\/p>\n","protected":false},"excerpt":{"rendered":"<p>Emenda foi conquistada pelo deputado Andr&eacute; Vargas, a pedido do prefeito Beto Preto<\/p>\n","protected":false},"author":4,"featured_media":0,"comment_status":"closed","ping_status":"closed","sticky":false,"template":"","format":"standard","meta":{"footnotes":""},"categories":[24],"tags":[],"class_list":["post-564","post","type-post","status-publish","format-standard","hentry","category-noticias"],"acf":[],"_links":{"self":[{"href":"http:\/\/www.apucarana.pr.gov.br\/site\/wp-json\/wp\/v2\/posts\/564","targetHints":{"allow":["GET"]}}],"collection":[{"href":"http:\/\/www.apucarana.pr.gov.br\/site\/wp-json\/wp\/v2\/posts"}],"about":[{"href":"http:\/\/www.apucarana.pr.gov.br\/site\/wp-json\/wp\/v2\/types\/post"}],"author":[{"embeddable":true,"href":"http:\/\/www.apucarana.pr.gov.br\/site\/wp-json\/wp\/v2\/users\/4"}],"replies":[{"embeddable":true,"href":"http:\/\/www.apucarana.pr.gov.br\/site\/wp-json\/wp\/v2\/comments?post=564"}],"version-history":[{"count":1,"href":"http:\/\/www.apucarana.pr.gov.br\/site\/wp-json\/wp\/v2\/posts\/564\/revisions"}],"predecessor-version":[{"id":106374,"href":"http:\/\/www.apucarana.pr.gov.br\/site\/wp-json\/wp\/v2\/posts\/564\/revisions\/106374"}],"wp:attachment":[{"href":"http:\/\/www.apucarana.pr.gov.br\/site\/wp-json\/wp\/v2\/media?parent=564"}],"wp:term":[{"taxonomy":"category","embeddable":true,"href":"http:\/\/www.apucarana.pr.gov.br\/site\/wp-json\/wp\/v2\/categories?post=564"},{"taxonomy":"post_tag","embeddable":true,"href":"http:\/\/www.apucarana.pr.gov.br\/site\/wp-json\/wp\/v2\/tags?post=564"}],"curies":[{"name":"wp","href":"https:\/\/api.w.org\/{rel}","templated":true}]}}