{"id":563,"date":"2013-01-09T14:50:00","date_gmt":"2013-01-09T14:50:00","guid":{"rendered":"http:\/\/172.16.0.7\/site-antigo\/?p=563"},"modified":"2024-10-08T09:05:43","modified_gmt":"2024-10-08T12:05:43","slug":"chafarizes-sao-reativados-em-apucarana","status":"publish","type":"post","link":"http:\/\/www.apucarana.pr.gov.br\/site\/chafarizes-sao-reativados-em-apucarana\/","title":{"rendered":"Chafarizes s\u00e3o reativados em Apucarana"},"content":{"rendered":"<p>O secret\u00e1rio de obras e servi\u00e7os urbanos, Junior da Femac, anunciou ontem que a Prefeitura de Apucarana est\u00e1 reativando todos os chafarizes da cidade. &ldquo;At\u00e9 a semana que antecede a programa\u00e7\u00e3o comemorativa ao anivers\u00e1rio de Apucarana, dia 28 de janeiro, todos os chafarizes estar\u00e3o em funcionamento&rdquo;, assegurou o secret\u00e1rio.   <\/p>\n<p>Conforme avalia\u00e7\u00e3o feita por t\u00e9cnicos da secretaria nestes primeiros dias da gest\u00e3o do prefeito Beto Preto (PT), todos os equipamentos estavam desativados. Entre os problemas verificados havia bombas quebradas, infiltra\u00e7\u00f5es, jatos ou bicos desregulados e falta de manuten\u00e7\u00e3o em geral. <\/p>\n<p>&ldquo;Estamos recuperando todos os chafarizes, incluindo os da pra\u00e7a do 28, pra\u00e7a do redondo, pra\u00e7as do cemit\u00e9rio velho, e da Catedral Nossa Senhora de Lourdes&rdquo;, revela Junior da Femac.<\/p>\n<p>Segundo ele, somente o chafariz do Quarteir\u00e3o das &Aacute;guas, na Rua Os\u00f3rio Ribas de Paula &ndash; ao lado do Banco Ita\u00fa -, deve demorar um pouco mais para ser restaurado. &ldquo;Nesse caso, o problema com o mecanismo \u00e9 mais complicado para recupera\u00e7\u00e3o&rdquo;, explica o secret\u00e1rio.<\/p>\n<p>Junior da Femac informa ainda que a &ldquo;cascata da on\u00e7a&rdquo; j\u00e1 foi restaurada e voltou a funcionar. &rdquo;O equipamento estava quebrado e a cascata ficou desativada por seis meses&rdquo;, comenta o secret\u00e1rio, acrescentando que a cascata instalada abaixo do painel da on\u00e7a pintada \u00e9 um dos locais mais visitados e registrados em foto e filmagem em Apucarana. <\/p>\n<p><\/p>\n","protected":false},"excerpt":{"rendered":"<p>Conforme avalia&ccedil;&atilde;o feita por t&eacute;cnicos da secretaria nestes primeiros dias da gest&atilde;o do prefeito Beto Preto (PT), todos os equipamentos estavam desativados<\/p>\n","protected":false},"author":4,"featured_media":0,"comment_status":"closed","ping_status":"closed","sticky":false,"template":"","format":"standard","meta":{"footnotes":""},"categories":[24],"tags":[],"class_list":["post-563","post","type-post","status-publish","format-standard","hentry","category-noticias"],"acf":[],"_links":{"self":[{"href":"http:\/\/www.apucarana.pr.gov.br\/site\/wp-json\/wp\/v2\/posts\/563","targetHints":{"allow":["GET"]}}],"collection":[{"href":"http:\/\/www.apucarana.pr.gov.br\/site\/wp-json\/wp\/v2\/posts"}],"about":[{"href":"http:\/\/www.apucarana.pr.gov.br\/site\/wp-json\/wp\/v2\/types\/post"}],"author":[{"embeddable":true,"href":"http:\/\/www.apucarana.pr.gov.br\/site\/wp-json\/wp\/v2\/users\/4"}],"replies":[{"embeddable":true,"href":"http:\/\/www.apucarana.pr.gov.br\/site\/wp-json\/wp\/v2\/comments?post=563"}],"version-history":[{"count":1,"href":"http:\/\/www.apucarana.pr.gov.br\/site\/wp-json\/wp\/v2\/posts\/563\/revisions"}],"predecessor-version":[{"id":106365,"href":"http:\/\/www.apucarana.pr.gov.br\/site\/wp-json\/wp\/v2\/posts\/563\/revisions\/106365"}],"wp:attachment":[{"href":"http:\/\/www.apucarana.pr.gov.br\/site\/wp-json\/wp\/v2\/media?parent=563"}],"wp:term":[{"taxonomy":"category","embeddable":true,"href":"http:\/\/www.apucarana.pr.gov.br\/site\/wp-json\/wp\/v2\/categories?post=563"},{"taxonomy":"post_tag","embeddable":true,"href":"http:\/\/www.apucarana.pr.gov.br\/site\/wp-json\/wp\/v2\/tags?post=563"}],"curies":[{"name":"wp","href":"https:\/\/api.w.org\/{rel}","templated":true}]}}