{"id":562,"date":"2013-01-09T14:44:00","date_gmt":"2013-01-09T14:44:00","guid":{"rendered":"http:\/\/172.16.0.7\/site-antigo\/?p=562"},"modified":"2024-10-08T09:05:43","modified_gmt":"2024-10-08T12:05:43","slug":"prefeito-determina-notificacao-de-construtora-por-asfalto-deteriorado","status":"publish","type":"post","link":"http:\/\/www.apucarana.pr.gov.br\/site\/prefeito-determina-notificacao-de-construtora-por-asfalto-deteriorado\/","title":{"rendered":"Prefeito determina notifica\u00e7\u00e3o de construtora  por asfalto deteriorado"},"content":{"rendered":"<p>Depois de visitar o Residencial Orlando Bacarin, a pedido de moradores do conjunto rec\u00e9m-inaugurado, o prefeito de Apucarana, Beto Preto, determinou ontem que a empreiteira respons\u00e1vel pela obra fosse imediatamente notificada. Na vistoria, o prefeito foi acompanhado do secret\u00e1rio de obras, Junior da Femac, e o superintendente do setor, Herivelto Moreno.   <\/p>\n<p>O residencial de 150 unidades, constru\u00eddo com recursos do Governo Federal, pelo Programa Minha Casa Minha Vida, foi inaugurado no dia 29 de dezembro. &ldquo;Executada a apenas dois meses a pavimenta\u00e7\u00e3o asfaltica, que deveria ter uma durabilidade de sessenta meses, j\u00e1 est\u00e1 se esfarelando e isso n\u00f3s n\u00e3o podemos aceitar&rdquo;, criticou Beto Preto.<\/p>\n<p>De acordo com a notifica\u00e7\u00e3o encaminhada \u00e0 Construtora Ipanema, de Apucarana, respons\u00e1vel pela obra, a Procuradoria Jur\u00eddica do Munic\u00edpio relata os problemas com o asfalto. Entre eles s\u00e3o citados o esfarelamento da capa da pavimenta\u00e7\u00e3o, e o surgimento de \u00e1gua vertendo do subsolo. <\/p>\n<p>Ainda de acordo com a vistoria, a falta de vegeta\u00e7\u00e3o no passeio leva \u00e1guas pluviais para a superf\u00edcie do asfalto, provocando ainda o entupimento de bocas de lobo. Nestas circunst&acirc;ncias, al\u00e9m da deteriora\u00e7\u00e3o precoce do asfalto, algumas resid\u00eancias j\u00e1 est\u00e3o em vias de ser afetadas pela eros\u00e3o.<\/p>\n<p>Al\u00e9m de notificar a construtora, a Prefeitura de Apucarana tamb\u00e9m notificou a Caixa Econ&ocirc;mica Federal, agente financeiro da obra e respons\u00e1vel pela fiscaliza\u00e7\u00e3o. Foi comunicada ainda a Uni\u00e3o por Moradias Populares do Paran\u00e1, por meio da sua presidente, Maria das Gra\u00e7as Silva de Souza. <\/p>\n<p>Na notifica\u00e7\u00e3o \u00e0 empreiteira, a Procuradoria Jur\u00eddica argumenta que, &ldquo;em raz\u00e3o dos problemas constatados, o Munic\u00edpio n\u00e3o aceita receber o asfalto nas condi\u00e7\u00f5es em que se encontra e exige uma solu\u00e7\u00e3o, considerando que foi dada uma garantia de qualidade e durabilidade de sessenta meses, conforme determina o decreto 122\/2008&rdquo;. <\/p>\n<p>No mesmo documento, a construtora foi notificada para que, no prazo de tr\u00eas dias, apresente suas justificativas, bem como um plano de repara\u00e7\u00e3o do asfalto. Em caso de descumprimento, a empreiteira dever\u00e1 ser acionada judicialmente. <\/p>\n<p>&ldquo;Um asfalto contratado para cinco anos n\u00e3o pode durar dois ou tr\u00eas meses, \u00e9 preciso respeitar os cidad\u00e3os&rdquo;, argumentou o prefeito Beto Preto, lamentando a situa\u00e7\u00e3o.<\/p>\n<p><\/p>\n","protected":false},"excerpt":{"rendered":"<p>Ainda de acordo com a vistoria, a falta de vegeta&ccedil;&atilde;o no passeio leva &aacute;guas pluviais para a superf&iacute;cie do asfalto, provocando ainda o entupimento de bocas de lobo<\/p>\n","protected":false},"author":4,"featured_media":0,"comment_status":"closed","ping_status":"closed","sticky":false,"template":"","format":"standard","meta":{"footnotes":""},"categories":[24],"tags":[],"class_list":["post-562","post","type-post","status-publish","format-standard","hentry","category-noticias"],"acf":[],"_links":{"self":[{"href":"http:\/\/www.apucarana.pr.gov.br\/site\/wp-json\/wp\/v2\/posts\/562","targetHints":{"allow":["GET"]}}],"collection":[{"href":"http:\/\/www.apucarana.pr.gov.br\/site\/wp-json\/wp\/v2\/posts"}],"about":[{"href":"http:\/\/www.apucarana.pr.gov.br\/site\/wp-json\/wp\/v2\/types\/post"}],"author":[{"embeddable":true,"href":"http:\/\/www.apucarana.pr.gov.br\/site\/wp-json\/wp\/v2\/users\/4"}],"replies":[{"embeddable":true,"href":"http:\/\/www.apucarana.pr.gov.br\/site\/wp-json\/wp\/v2\/comments?post=562"}],"version-history":[{"count":1,"href":"http:\/\/www.apucarana.pr.gov.br\/site\/wp-json\/wp\/v2\/posts\/562\/revisions"}],"predecessor-version":[{"id":106366,"href":"http:\/\/www.apucarana.pr.gov.br\/site\/wp-json\/wp\/v2\/posts\/562\/revisions\/106366"}],"wp:attachment":[{"href":"http:\/\/www.apucarana.pr.gov.br\/site\/wp-json\/wp\/v2\/media?parent=562"}],"wp:term":[{"taxonomy":"category","embeddable":true,"href":"http:\/\/www.apucarana.pr.gov.br\/site\/wp-json\/wp\/v2\/categories?post=562"},{"taxonomy":"post_tag","embeddable":true,"href":"http:\/\/www.apucarana.pr.gov.br\/site\/wp-json\/wp\/v2\/tags?post=562"}],"curies":[{"name":"wp","href":"https:\/\/api.w.org\/{rel}","templated":true}]}}