{"id":54280,"date":"2021-12-04T15:46:46","date_gmt":"2021-12-04T18:46:46","guid":{"rendered":"http:\/\/www.apucarana.pr.gov.br\/site\/?p=54280"},"modified":"2024-10-08T09:24:25","modified_gmt":"2024-10-08T12:24:25","slug":"apucarana-nao-registra-nenhum-novo-caso-de-covid-19-neste-sabado","status":"publish","type":"post","link":"http:\/\/www.apucarana.pr.gov.br\/site\/apucarana-nao-registra-nenhum-novo-caso-de-covid-19-neste-sabado\/","title":{"rendered":"Apucarana n\u00e3o registra nenhum novo caso de Covid-19 neste s\u00e1bado"},"content":{"rendered":"\n\t\t<!-- MasterSlider -->\n\t\t<div id=\"P_MS69f54d7a06e77\" class=\"master-slider-parent master-slider-gallery   ms-parent-id-0\" style=\"\" >\n\n\t\t\t\n\t\t\t<!-- MasterSlider Main -->\n\t\t\t<div id=\"MS69f54d7a06e77\" class=\"master-slider ms-skin-default\" >\n\t\t\t\t \t\t\t\t \n\t\t\t<div  class=\"ms-slide\" data-delay=\"3\"    >\n\t\t\t\t\t<img decoding=\"async\" src=\"http:\/\/www.apucarana.pr.gov.br\/site\/wp-content\/plugins\/masterslider\/public\/assets\/css\/blank.gif\" alt=\"covid\" title=\"covid\" data-src=\"http:\/\/www.apucarana.pr.gov.br\/site\/wp-content\/uploads\/2021\/11\/covid-1024x668.png\" \/>\n\t<a href=\"http:\/\/www.apucarana.pr.gov.br\/site\/wp-content\/uploads\/2021\/11\/covid-1024x668.png\" target=\"_self\"    >covid<\/a>\n\n\n\t\t\t\t<\/div>\n\n\t\t\t<\/div>\n\t\t\t<!-- END MasterSlider Main -->\n\n\t\t\t \n\t\t<\/div>\n\t\t<!-- END MasterSlider -->\n\n\t\t<script>\n\t\t( window.MSReady = window.MSReady || [] ).push( function( $ ) {\n\n\t\t\t\"use strict\";\n\t\t\tvar masterslider_6e77 = new MasterSlider();\n\n\t\t\t\/\/ slider controls\n\t\t\tmasterslider_6e77.control('arrows'     ,{ autohide:true, overVideo:true  });\n\t\t\t\/\/ slider setup\n\t\t\tmasterslider_6e77.setup(\"MS69f54d7a06e77\", {\n\t\t\t\twidth           : 960,\n\t\t\t\theight          : 540,\n\t\t\t\tminHeight       : 0,\n\t\t\t\tspace           : 0,\n\t\t\t\tstart           : 1,\n\t\t\t\tgrabCursor      : true,\n\t\t\t\tswipe           : true,\n\t\t\t\tmouse           : true,\n\t\t\t\tkeyboard        : false,\n\t\t\t\tlayout          : \"fillwidth\",\n\t\t\t\twheel           : false,\n\t\t\t\tautoplay        : true,\n                instantStartLayers:false,\n\t\t\t\tmobileBGVideo:false,\n\t\t\t\tloop            : true,\n\t\t\t\tshuffle         : false,\n\t\t\t\tpreload         : 3,\n\t\t\t\theightLimit     : false,\n\t\t\t\tautoHeight      : false,\n\t\t\t\tsmoothHeight    : true,\n\t\t\t\tendPause        : false,\n\t\t\t\toverPause       : false,\n\t\t\t\tfillMode        : \"fill\",\n\t\t\t\tcenterControls  : true,\n\t\t\t\tstartOnAppear   : false,\n\t\t\t\tlayersMode      : \"center\",\n\t\t\t\tautofillTarget  : \"\",\n\t\t\t\thideLayers      : false,\n\t\t\t\tfullscreenMargin: 0,\n\t\t\t\tspeed           : 17,\n\t\t\t\tdir             : \"h\",\n\t\t\t\tresponsive      : true,\n\t\t\t\ttabletWidth     : 768,\n\t\t\t\ttabletHeight    : null,\n\t\t\t\tphoneWidth      : 480,\n\t\t\t\tphoneHeight    : null,\n\t\t\t\tsizingReference : window,\n\t\t\t\tparallaxMode    : 'swipe',\n\t\t\t\tview            : \"basic\"\n\t\t\t});\n\n\t\t\t\n\t\t\twindow.masterslider_instances = window.masterslider_instances || [];\n\t\t\twindow.masterslider_instances.push( masterslider_6e77 );\n\t\t});\n\t\t<\/script>\n\n\n<p>A Autarquia Municipal de Sa\u00fade (AMS) n\u00e3o registrou nenhum novo caso de Covid-19 neste s\u00e1bado (4) em Apucarana. O munic\u00edpio segue com 502 mortes provocadas pela doen\u00e7a e 18.682 diagn\u00f3sticos positivos do novo coronav\u00edrus.<\/p>\n<p>Segundo boletim divulgado pela AMS, Apucarana tem mais 25 suspeitas em investiga\u00e7\u00e3o.<\/p>\n<p>J\u00e1 foram testadas 64.568 pessoas, sendo 35.789 em testes r\u00e1pidos, 25.142 pelo Lacen (RT-PCR) e 3.637 por laborat\u00f3rios particulares (RT-PCR).<\/p>\n<p>S\u00e3o oito pacientes de Apucarana internados no Hospital da Provid\u00eancia, dois na Unidade de Terapia Intensiva (UTI) e seis em leitos de enfermaria.<\/p>\n","protected":false},"excerpt":{"rendered":"<p>A Autarquia Municipal de Sa&uacute;de (AMS) n&atilde;o registrou nenhum novo caso de Covid-19 neste s&aacute;bado (4) em Apucarana. O munic&iacute;pio segue com 502 mortes provocadas pela doen&ccedil;a e 18.682 diagn&oacute;sticos positivos do novo coronav&iacute;rus. Segundo boletim divulgado pela AMS, Apucarana tem mais 25 suspeitas em investiga&ccedil;&atilde;o. J&aacute; foram testadas 64.568 pessoas, sendo 35.789 em testes [&hellip;]<\/p>\n","protected":false},"author":3,"featured_media":53832,"comment_status":"closed","ping_status":"closed","sticky":false,"template":"","format":"standard","meta":{"footnotes":""},"categories":[34],"tags":[],"class_list":["post-54280","post","type-post","status-publish","format-standard","has-post-thumbnail","hentry","category-coronavirus"],"acf":[],"_links":{"self":[{"href":"http:\/\/www.apucarana.pr.gov.br\/site\/wp-json\/wp\/v2\/posts\/54280","targetHints":{"allow":["GET"]}}],"collection":[{"href":"http:\/\/www.apucarana.pr.gov.br\/site\/wp-json\/wp\/v2\/posts"}],"about":[{"href":"http:\/\/www.apucarana.pr.gov.br\/site\/wp-json\/wp\/v2\/types\/post"}],"author":[{"embeddable":true,"href":"http:\/\/www.apucarana.pr.gov.br\/site\/wp-json\/wp\/v2\/users\/3"}],"replies":[{"embeddable":true,"href":"http:\/\/www.apucarana.pr.gov.br\/site\/wp-json\/wp\/v2\/comments?post=54280"}],"version-history":[{"count":1,"href":"http:\/\/www.apucarana.pr.gov.br\/site\/wp-json\/wp\/v2\/posts\/54280\/revisions"}],"predecessor-version":[{"id":54281,"href":"http:\/\/www.apucarana.pr.gov.br\/site\/wp-json\/wp\/v2\/posts\/54280\/revisions\/54281"}],"wp:featuredmedia":[{"embeddable":true,"href":"http:\/\/www.apucarana.pr.gov.br\/site\/wp-json\/wp\/v2\/media\/53832"}],"wp:attachment":[{"href":"http:\/\/www.apucarana.pr.gov.br\/site\/wp-json\/wp\/v2\/media?parent=54280"}],"wp:term":[{"taxonomy":"category","embeddable":true,"href":"http:\/\/www.apucarana.pr.gov.br\/site\/wp-json\/wp\/v2\/categories?post=54280"},{"taxonomy":"post_tag","embeddable":true,"href":"http:\/\/www.apucarana.pr.gov.br\/site\/wp-json\/wp\/v2\/tags?post=54280"}],"curies":[{"name":"wp","href":"https:\/\/api.w.org\/{rel}","templated":true}]}}