{"id":54246,"date":"2021-12-03T18:26:51","date_gmt":"2021-12-03T21:26:51","guid":{"rendered":"http:\/\/www.apucarana.pr.gov.br\/site\/?p=54246"},"modified":"2024-10-08T09:24:25","modified_gmt":"2024-10-08T12:24:25","slug":"apucarana-avanca-na-liberacao-ambiental-de-rotatorias-e-avenida","status":"publish","type":"post","link":"http:\/\/www.apucarana.pr.gov.br\/site\/apucarana-avanca-na-liberacao-ambiental-de-rotatorias-e-avenida\/","title":{"rendered":"Apucarana avan\u00e7a na libera\u00e7\u00e3o ambiental de rotat\u00f3rias e avenida"},"content":{"rendered":"\n\t\t<!-- MasterSlider -->\n\t\t<div id=\"P_MS69f557787193e\" class=\"master-slider-parent master-slider-gallery   ms-parent-id-0\" style=\"\" >\n\n\t\t\t\n\t\t\t<!-- MasterSlider Main -->\n\t\t\t<div id=\"MS69f557787193e\" class=\"master-slider ms-skin-default\" >\n\t\t\t\t \t\t\t\t \n\t\t\t<div  class=\"ms-slide\" data-delay=\"3\"    >\n\t\t\t\t\t<img decoding=\"async\" src=\"http:\/\/www.apucarana.pr.gov.br\/site\/wp-content\/plugins\/masterslider\/public\/assets\/css\/blank.gif\" alt=\"IMG_2666-scaled\" title=\"IMG_2666-scaled\" data-src=\"http:\/\/www.apucarana.pr.gov.br\/site\/wp-content\/uploads\/2021\/12\/IMG_2666-scaled-1-1024x630.jpg\" \/>\n\t<a href=\"http:\/\/www.apucarana.pr.gov.br\/site\/wp-content\/uploads\/2021\/12\/IMG_2666-scaled-1-1024x630.jpg\" target=\"_self\"    >IMG_2666-scaled<\/a>\n\n\n\t<img decoding=\"async\" class=\"ms-thumb\" src=\"http:\/\/www.apucarana.pr.gov.br\/site\/wp-content\/uploads\/2021\/12\/IMG_2666-scaled-1-1024x630-140x80.jpg\" alt=\"IMG_2666-scaled\" \/>\n\t\t\t\t<\/div>\n\t\t\t<div  class=\"ms-slide\" data-delay=\"3\"    >\n\t\t\t\t\t<img decoding=\"async\" src=\"http:\/\/www.apucarana.pr.gov.br\/site\/wp-content\/plugins\/masterslider\/public\/assets\/css\/blank.gif\" alt=\"IMG_2673-scaled\" title=\"IMG_2673-scaled\" data-src=\"http:\/\/www.apucarana.pr.gov.br\/site\/wp-content\/uploads\/2021\/12\/IMG_2673-scaled-1-1024x547.jpg\" \/>\n\t<a href=\"http:\/\/www.apucarana.pr.gov.br\/site\/wp-content\/uploads\/2021\/12\/IMG_2673-scaled-1-1024x547.jpg\" target=\"_self\"    >IMG_2673-scaled<\/a>\n\n\n\t<img decoding=\"async\" class=\"ms-thumb\" src=\"http:\/\/www.apucarana.pr.gov.br\/site\/wp-content\/uploads\/2021\/12\/IMG_2673-scaled-1-1024x547-140x80.jpg\" alt=\"IMG_2673-scaled\" \/>\n\t\t\t\t<\/div>\n\t\t\t<div  class=\"ms-slide\" data-delay=\"3\"    >\n\t\t\t\t\t<img decoding=\"async\" src=\"http:\/\/www.apucarana.pr.gov.br\/site\/wp-content\/plugins\/masterslider\/public\/assets\/css\/blank.gif\" alt=\"IMG_2677-scaled\" title=\"IMG_2677-scaled\" data-src=\"http:\/\/www.apucarana.pr.gov.br\/site\/wp-content\/uploads\/2021\/12\/IMG_2677-scaled-1-1024x596.jpg\" \/>\n\t<a href=\"http:\/\/www.apucarana.pr.gov.br\/site\/wp-content\/uploads\/2021\/12\/IMG_2677-scaled-1-1024x596.jpg\" target=\"_self\"    >IMG_2677-scaled<\/a>\n\n\n\t<img decoding=\"async\" class=\"ms-thumb\" src=\"http:\/\/www.apucarana.pr.gov.br\/site\/wp-content\/uploads\/2021\/12\/IMG_2677-scaled-1-1024x596-140x80.jpg\" alt=\"IMG_2677-scaled\" \/>\n\t\t\t\t<\/div>\n\t\t\t<div  class=\"ms-slide\" data-delay=\"3\"    >\n\t\t\t\t\t<img decoding=\"async\" src=\"http:\/\/www.apucarana.pr.gov.br\/site\/wp-content\/plugins\/masterslider\/public\/assets\/css\/blank.gif\" alt=\"IMG_2682-scaled\" title=\"IMG_2682-scaled\" data-src=\"http:\/\/www.apucarana.pr.gov.br\/site\/wp-content\/uploads\/2021\/12\/IMG_2682-scaled-1-1024x653.jpg\" \/>\n\t<a href=\"http:\/\/www.apucarana.pr.gov.br\/site\/wp-content\/uploads\/2021\/12\/IMG_2682-scaled-1-1024x653.jpg\" target=\"_self\"    >IMG_2682-scaled<\/a>\n\n\n\t<img decoding=\"async\" class=\"ms-thumb\" src=\"http:\/\/www.apucarana.pr.gov.br\/site\/wp-content\/uploads\/2021\/12\/IMG_2682-scaled-1-1024x653-140x80.jpg\" alt=\"IMG_2682-scaled\" \/>\n\t\t\t\t<\/div>\n\t\t\t<div  class=\"ms-slide\" data-delay=\"3\"    >\n\t\t\t\t\t<img decoding=\"async\" src=\"http:\/\/www.apucarana.pr.gov.br\/site\/wp-content\/plugins\/masterslider\/public\/assets\/css\/blank.gif\" alt=\"IMG_2700-scaled\" title=\"IMG_2700-scaled\" data-src=\"http:\/\/www.apucarana.pr.gov.br\/site\/wp-content\/uploads\/2021\/12\/IMG_2700-scaled-1-1024x683.jpg\" \/>\n\t<a href=\"http:\/\/www.apucarana.pr.gov.br\/site\/wp-content\/uploads\/2021\/12\/IMG_2700-scaled-1-1024x683.jpg\" target=\"_self\"    >IMG_2700-scaled<\/a>\n\n\n\t<img decoding=\"async\" class=\"ms-thumb\" src=\"http:\/\/www.apucarana.pr.gov.br\/site\/wp-content\/uploads\/2021\/12\/IMG_2700-scaled-1-1024x683-140x80.jpg\" alt=\"IMG_2700-scaled\" \/>\n\t\t\t\t<\/div>\n\n\t\t\t<\/div>\n\t\t\t<!-- END MasterSlider Main -->\n\n\t\t\t \n\t\t<\/div>\n\t\t<!-- END MasterSlider -->\n\n\t\t<script>\n\t\t( window.MSReady = window.MSReady || [] ).push( function( $ ) {\n\n\t\t\t\"use strict\";\n\t\t\tvar masterslider_193e = new MasterSlider();\n\n\t\t\t\/\/ slider controls\n\t\t\tmasterslider_193e.control('arrows'     ,{ autohide:true, overVideo:true  });\n\t\t\tmasterslider_193e.control('thumblist'  ,{ autohide:false, overVideo:true, dir:'h', speed:17, inset:false, arrows:false, hover:false, customClass:'', align:'bottom',type:'thumbs', margin:2, width:140, height:80, space:2, fillMode:'fill'  });\n\t\t\t\/\/ slider setup\n\t\t\tmasterslider_193e.setup(\"MS69f557787193e\", {\n\t\t\t\twidth           : 960,\n\t\t\t\theight          : 540,\n\t\t\t\tminHeight       : 0,\n\t\t\t\tspace           : 0,\n\t\t\t\tstart           : 1,\n\t\t\t\tgrabCursor      : true,\n\t\t\t\tswipe           : true,\n\t\t\t\tmouse           : true,\n\t\t\t\tkeyboard        : false,\n\t\t\t\tlayout          : \"fillwidth\",\n\t\t\t\twheel           : false,\n\t\t\t\tautoplay        : true,\n                instantStartLayers:false,\n\t\t\t\tmobileBGVideo:false,\n\t\t\t\tloop            : true,\n\t\t\t\tshuffle         : false,\n\t\t\t\tpreload         : 3,\n\t\t\t\theightLimit     : false,\n\t\t\t\tautoHeight      : false,\n\t\t\t\tsmoothHeight    : true,\n\t\t\t\tendPause        : false,\n\t\t\t\toverPause       : false,\n\t\t\t\tfillMode        : \"fill\",\n\t\t\t\tcenterControls  : true,\n\t\t\t\tstartOnAppear   : false,\n\t\t\t\tlayersMode      : \"center\",\n\t\t\t\tautofillTarget  : \"\",\n\t\t\t\thideLayers      : false,\n\t\t\t\tfullscreenMargin: 0,\n\t\t\t\tspeed           : 17,\n\t\t\t\tdir             : \"h\",\n\t\t\t\tresponsive      : true,\n\t\t\t\ttabletWidth     : 768,\n\t\t\t\ttabletHeight    : null,\n\t\t\t\tphoneWidth      : 480,\n\t\t\t\tphoneHeight    : null,\n\t\t\t\tsizingReference : window,\n\t\t\t\tparallaxMode    : 'swipe',\n\t\t\t\tview            : \"basic\"\n\t\t\t});\n\n\t\t\t\n\t\t\twindow.masterslider_instances = window.masterslider_instances || [];\n\t\t\twindow.masterslider_instances.push( masterslider_193e );\n\t\t});\n\t\t<\/script>\n\n\n<p>Ap\u00f3s muitos meses de espera, o Instituto \u00c1gua e Terra do Paran\u00e1 (IAT) acaba de autorizar tr\u00eas licenciamentos ambientais. A documenta\u00e7\u00e3o avan\u00e7ou e, nos pr\u00f3ximos meses ser\u00e1 poss\u00edvel iniciar a implanta\u00e7\u00e3o da nova rotat\u00f3ria do Jaboti, uma avenida de liga\u00e7\u00e3o do Parque Jaboti com a Avenida Cristiano Kusmaull e mais uma rotat\u00f3ria nesta regi\u00e3o que ir\u00e1 receber novos empreendimentos imobili\u00e1rios.<\/p>\n<p>As obras ser\u00e3o viabilizadas em parceria da prefeitura com a Ceriane Empreendimentos, que tem projetos de tr\u00eas novos condom\u00ednios horizontais entre o Parque Jaboti e o Residencial Interlagos. A prefeitura ainda aguarda mais uma libera\u00e7\u00e3o da \u00e1rea ambiental em rela\u00e7\u00e3o \u00e0s obras de urbaniza\u00e7\u00e3o.<\/p>\n<p>O prefeito Junior da Femac e o secret\u00e1rio do meio ambiente, Gentil Pereira, se reuniram nesta sexta-feira (3) com o empres\u00e1rio Jo\u00e3o Ceriane para tratar a respeito dos projetos. Tamb\u00e9m participaram do encontro S\u00e9rgio Bobig e Luiz Carlos Teixeira, da Sema, e o engenheiro Eden Corbacho, da Ceriane Empreendimentos.<\/p>\n<p>\u201cCom a implanta\u00e7\u00e3o das rotat\u00f3rias e abertura de uma avenida e outras ruas, ser\u00e3o viabilizados novos acessos para o Residencial Interlagos a partir do Jaboti\u201d, informa o prefeito Junior da Femac, assinalando que essa regi\u00e3o ser\u00e1 uma nova frente de desenvolvimento, com ampla expans\u00e3o urbana.<\/p>\n<p>Segundo ele, a rotat\u00f3ria pr\u00f3xima da barragem do Lago Jaboti ser\u00e1 implantada em terreno do munic\u00edpio e executada pela Ceriane Empreendimentos. A urbaniza\u00e7\u00e3o da regi\u00e3o permitir\u00e1 ainda a liga\u00e7\u00e3o da regi\u00e3o do Jaboti com a Unidade B\u00e1sica de Sa\u00fade Elayne Mazur e com a futura Escola Municipal Jos\u00e9 Domingos Scarpelini, que est\u00e1 sendo constru\u00edda ao lado da UBS.<\/p>\n<p>A Secretaria Municipal do Meio Ambiente (Sema) adotou todas as medidas previstas na legisla\u00e7\u00e3o ambiental em rela\u00e7\u00e3o \u00e0 \u00e1rea que ser\u00e1 ocupada pela nova rotat\u00f3ria. O licenciamento ambiental foi liberado pelo Instituto \u00c1gua e Terra (IAT), e chancelado pelo Conselho Municipal do Meio Ambiente e Conselho Municipal de Cultura.<\/p>\n<p>Somente na urbaniza\u00e7\u00e3o da regi\u00e3o, entre o Parque Jaboti e Avenida Cristiano Kusmaull, junto ao Residencial Interlagos, a Ceriane Empreendimentos prev\u00ea um investimento de cerca de R$ 3 milh\u00f5es. \u201cVamos executar em torno de 25 mil metros quadrados de asfalto, duas rotat\u00f3rias, abertura de uma avenida e de novas vias\u201d, informa o empres\u00e1rio Jo\u00e3o Ceriane.<\/p>\n","protected":false},"excerpt":{"rendered":"<p>Ap&oacute;s muitos meses de espera, o Instituto &Aacute;gua e Terra do Paran&aacute; (IAT) acaba de autorizar tr&ecirc;s licenciamentos ambientais. A documenta&ccedil;&atilde;o avan&ccedil;ou e, nos pr&oacute;ximos meses ser&aacute; poss&iacute;vel iniciar a implanta&ccedil;&atilde;o da nova rotat&oacute;ria do Jaboti, uma avenida de liga&ccedil;&atilde;o do Parque Jaboti com a Avenida Cristiano Kusmaull e mais uma rotat&oacute;ria nesta regi&atilde;o que [&hellip;]<\/p>\n","protected":false},"author":4,"featured_media":54251,"comment_status":"closed","ping_status":"closed","sticky":false,"template":"","format":"standard","meta":{"footnotes":""},"categories":[24],"tags":[],"class_list":["post-54246","post","type-post","status-publish","format-standard","has-post-thumbnail","hentry","category-noticias"],"acf":[],"_links":{"self":[{"href":"http:\/\/www.apucarana.pr.gov.br\/site\/wp-json\/wp\/v2\/posts\/54246","targetHints":{"allow":["GET"]}}],"collection":[{"href":"http:\/\/www.apucarana.pr.gov.br\/site\/wp-json\/wp\/v2\/posts"}],"about":[{"href":"http:\/\/www.apucarana.pr.gov.br\/site\/wp-json\/wp\/v2\/types\/post"}],"author":[{"embeddable":true,"href":"http:\/\/www.apucarana.pr.gov.br\/site\/wp-json\/wp\/v2\/users\/4"}],"replies":[{"embeddable":true,"href":"http:\/\/www.apucarana.pr.gov.br\/site\/wp-json\/wp\/v2\/comments?post=54246"}],"version-history":[{"count":1,"href":"http:\/\/www.apucarana.pr.gov.br\/site\/wp-json\/wp\/v2\/posts\/54246\/revisions"}],"predecessor-version":[{"id":54252,"href":"http:\/\/www.apucarana.pr.gov.br\/site\/wp-json\/wp\/v2\/posts\/54246\/revisions\/54252"}],"wp:featuredmedia":[{"embeddable":true,"href":"http:\/\/www.apucarana.pr.gov.br\/site\/wp-json\/wp\/v2\/media\/54251"}],"wp:attachment":[{"href":"http:\/\/www.apucarana.pr.gov.br\/site\/wp-json\/wp\/v2\/media?parent=54246"}],"wp:term":[{"taxonomy":"category","embeddable":true,"href":"http:\/\/www.apucarana.pr.gov.br\/site\/wp-json\/wp\/v2\/categories?post=54246"},{"taxonomy":"post_tag","embeddable":true,"href":"http:\/\/www.apucarana.pr.gov.br\/site\/wp-json\/wp\/v2\/tags?post=54246"}],"curies":[{"name":"wp","href":"https:\/\/api.w.org\/{rel}","templated":true}]}}