{"id":54141,"date":"2021-11-30T11:02:24","date_gmt":"2021-11-30T14:02:24","guid":{"rendered":"http:\/\/www.apucarana.pr.gov.br\/site\/?p=54141"},"modified":"2024-10-08T09:24:28","modified_gmt":"2024-10-08T12:24:28","slug":"prefeitura-lanca-festival-de-comidas-de-boteco-e-bebidas","status":"publish","type":"post","link":"http:\/\/www.apucarana.pr.gov.br\/site\/prefeitura-lanca-festival-de-comidas-de-boteco-e-bebidas\/","title":{"rendered":"Prefeitura lan\u00e7a Festival de Comidas de Boteco e Bebidas"},"content":{"rendered":"\n\t\t<!-- MasterSlider -->\n\t\t<div id=\"P_MS69f5676d8605e\" class=\"master-slider-parent master-slider-gallery   ms-parent-id-0\" style=\"\" >\n\n\t\t\t\n\t\t\t<!-- MasterSlider Main -->\n\t\t\t<div id=\"MS69f5676d8605e\" class=\"master-slider ms-skin-default\" >\n\t\t\t\t \t\t\t\t \n\t\t\t<div  class=\"ms-slide\" data-delay=\"3\"    >\n\t\t\t\t\t<img decoding=\"async\" src=\"http:\/\/www.apucarana.pr.gov.br\/site\/wp-content\/plugins\/masterslider\/public\/assets\/css\/blank.gif\" alt=\"FEIRAEDSON-DENOBI-2-scaled\" title=\"FEIRAEDSON-DENOBI-2-scaled\" data-src=\"http:\/\/www.apucarana.pr.gov.br\/site\/wp-content\/uploads\/2021\/12\/FEIRAEDSON-DENOBI-2-scaled-1-1024x622.jpg\" \/>\n\t<a href=\"http:\/\/www.apucarana.pr.gov.br\/site\/wp-content\/uploads\/2021\/12\/FEIRAEDSON-DENOBI-2-scaled-1-1024x622.jpg\" target=\"_self\"    >FEIRAEDSON-DENOBI-2-scaled<\/a>\n\n\n\t<img decoding=\"async\" class=\"ms-thumb\" src=\"http:\/\/www.apucarana.pr.gov.br\/site\/wp-content\/uploads\/2021\/12\/FEIRAEDSON-DENOBI-2-scaled-1-1024x622-140x80.jpg\" alt=\"FEIRAEDSON-DENOBI-2-scaled\" \/>\n\t\t\t\t<\/div>\n\t\t\t<div  class=\"ms-slide\" data-delay=\"3\"    >\n\t\t\t\t\t<img decoding=\"async\" src=\"http:\/\/www.apucarana.pr.gov.br\/site\/wp-content\/plugins\/masterslider\/public\/assets\/css\/blank.gif\" alt=\"IMG_7982-scaled\" title=\"IMG_7982-scaled\" data-src=\"http:\/\/www.apucarana.pr.gov.br\/site\/wp-content\/uploads\/2021\/12\/IMG_7982-scaled-1-1024x658.jpg\" \/>\n\t<a href=\"http:\/\/www.apucarana.pr.gov.br\/site\/wp-content\/uploads\/2021\/12\/IMG_7982-scaled-1-1024x658.jpg\" target=\"_self\"    >IMG_7982-scaled<\/a>\n\n\n\t<img decoding=\"async\" class=\"ms-thumb\" src=\"http:\/\/www.apucarana.pr.gov.br\/site\/wp-content\/uploads\/2021\/12\/IMG_7982-scaled-1-1024x658-140x80.jpg\" alt=\"IMG_7982-scaled\" \/>\n\t\t\t\t<\/div>\n\n\t\t\t<\/div>\n\t\t\t<!-- END MasterSlider Main -->\n\n\t\t\t \n\t\t<\/div>\n\t\t<!-- END MasterSlider -->\n\n\t\t<script>\n\t\t( window.MSReady = window.MSReady || [] ).push( function( $ ) {\n\n\t\t\t\"use strict\";\n\t\t\tvar masterslider_605e = new MasterSlider();\n\n\t\t\t\/\/ slider controls\n\t\t\tmasterslider_605e.control('arrows'     ,{ autohide:true, overVideo:true  });\n\t\t\tmasterslider_605e.control('thumblist'  ,{ autohide:false, overVideo:true, dir:'h', speed:17, inset:false, arrows:false, hover:false, customClass:'', align:'bottom',type:'thumbs', margin:2, width:140, height:80, space:2, fillMode:'fill'  });\n\t\t\t\/\/ slider setup\n\t\t\tmasterslider_605e.setup(\"MS69f5676d8605e\", {\n\t\t\t\twidth           : 960,\n\t\t\t\theight          : 540,\n\t\t\t\tminHeight       : 0,\n\t\t\t\tspace           : 0,\n\t\t\t\tstart           : 1,\n\t\t\t\tgrabCursor      : true,\n\t\t\t\tswipe           : true,\n\t\t\t\tmouse           : true,\n\t\t\t\tkeyboard        : false,\n\t\t\t\tlayout          : \"fillwidth\",\n\t\t\t\twheel           : false,\n\t\t\t\tautoplay        : true,\n                instantStartLayers:false,\n\t\t\t\tmobileBGVideo:false,\n\t\t\t\tloop            : true,\n\t\t\t\tshuffle         : false,\n\t\t\t\tpreload         : 3,\n\t\t\t\theightLimit     : false,\n\t\t\t\tautoHeight      : false,\n\t\t\t\tsmoothHeight    : true,\n\t\t\t\tendPause        : false,\n\t\t\t\toverPause       : false,\n\t\t\t\tfillMode        : \"fill\",\n\t\t\t\tcenterControls  : true,\n\t\t\t\tstartOnAppear   : false,\n\t\t\t\tlayersMode      : \"center\",\n\t\t\t\tautofillTarget  : \"\",\n\t\t\t\thideLayers      : false,\n\t\t\t\tfullscreenMargin: 0,\n\t\t\t\tspeed           : 17,\n\t\t\t\tdir             : \"h\",\n\t\t\t\tresponsive      : true,\n\t\t\t\ttabletWidth     : 768,\n\t\t\t\ttabletHeight    : null,\n\t\t\t\tphoneWidth      : 480,\n\t\t\t\tphoneHeight    : null,\n\t\t\t\tsizingReference : window,\n\t\t\t\tparallaxMode    : 'swipe',\n\t\t\t\tview            : \"basic\"\n\t\t\t});\n\n\t\t\t\n\t\t\twindow.masterslider_instances = window.masterslider_instances || [];\n\t\t\twindow.masterslider_instances.push( masterslider_605e );\n\t\t});\n\t\t<\/script>\n\n\n<p>A prefeitura de Apucarana, atrav\u00e9s da Secretaria Municipal da Promo\u00e7\u00e3o Art\u00edstica, Cultural e Tur\u00edstica da Prefeitura de Apucarana (Promatur), abre hoje (30) as inscri\u00e7\u00f5es para o Festival Gastron\u00f4mico de Comidas de Boteco, Chopp, Cerveja, Vinhos e Bebidas Artesanais de Apucarana e Regi\u00e3o, que ser\u00e1 realizado no Espa\u00e7o das Feiras. Os detalhes da iniciativa foram apresentados ontem no Cine Teatro F\u00eanix em reuni\u00e3o com propriet\u00e1rios de estabelecimentos dos setores envolvidos.<\/p>\n<p>Dispon\u00edveis nas categorias comida de boteco, bebidas artesanais, chopp, cerveja e vinho, as inscri\u00e7\u00f5es para as empresas de Apucarana ficam abertas at\u00e9 o dia 15 de dezembro (ver detalhes no quadro abaixo). Se o n\u00famero de interessados n\u00e3o atingir o m\u00ednimo necess\u00e1rio, a participa\u00e7\u00e3o ser\u00e1 aberta para outras cidades.<\/p>\n<p>O festival somente ser\u00e1 realizado quando as inscri\u00e7\u00f5es atingirem no m\u00ednimo 70% da capacidade instalada no Espa\u00e7o das Feiras. \u201cO festival poder\u00e1 acontecer uma ou mais vezes durante o ano, aos domingos, feriados e mesmo em outras datas\u201d, observa a secret\u00e1ria da Promatur, Maria Agar.<\/p>\n<p>Maiores informa\u00e7\u00f5es podem ser obtidas pelo e-mail: turismo@apucarana.pr.gov.br, presencialmente no Cine Teatro F\u00eanix e no WhatsApp (43) 99669-6465.<\/p>\n<p>O prefeito Junior da Femac \u00e9 um entusiasta desta iniciativa de fomentar a gastronomia apucaranense e tamb\u00e9m divulgar as marcas locais de chopp e cervejas artesanais, al\u00e9m dos vinhos da \u201cSerra de Apucarana\u201d. Conforme frisa ele, Apucarana \u00e9 polo universit\u00e1rio e tamb\u00e9m o maior polo de confec\u00e7\u00f5es do Estado. \u201cTemos estrutura e uma excelente gastronomia para mostrar e, ao mesmo tempo, atrair mais visitantes\u201d, avalia Junior da Femac.<\/p>\n<p>Para se inscrever, a empresa dever\u00e1 apresentar os seguintes documentos, digitalizados em arquivo \u00fanico para o e-mail turismo@apucarana.pr.gov.br ou presencialmente no Cine Teatro F\u00eanix:<\/p>\n<p>a) cart\u00e3o do CNPJ<br \/>\nb) alvar\u00e1 de funcionamento vigente<br \/>\nc) certid\u00e3o negativa de d\u00e9bitos municipal<br \/>\nd) certid\u00e3o negativa de d\u00e9bitos estadual<br \/>\ne) certid\u00e3o negativa de d\u00e9bitos federal<br \/>\nf) cadastro de turismo &#8211; cadastur<br \/>\ng) juntamente com a ficha de inscri\u00e7\u00e3o que pode ser feita on line <a href=\"https:\/\/forms.gle\/avzxXH4zg43isoENA\">https:\/\/forms.gle\/avzxXH4zg43isoENA<\/a><\/p>\n<p>A prefeitura colocar\u00e1 a disposi\u00e7\u00e3o dos participantes:<\/p>\n<p>&#8211; estande 2,5&#215;2,75m com uma pia, torneira com \u00e1gua e em a\u00e7o inox (total de 36 estandes com pia e balc\u00e3o e 40 estandes sem pia e balc\u00e3o)<br \/>\n&#8211; uma tomada 110v e uma 220v<br \/>\n&#8211; m\u00fasica ao vivo<br \/>\n&#8211; modelos de materiais de divulga\u00e7\u00e3o do festival<br \/>\n&#8211; seguran\u00e7a<br \/>\n&#8211; ambul\u00e2ncia com atendimento<\/p>\n","protected":false},"excerpt":{"rendered":"<p>A prefeitura de Apucarana, atrav&eacute;s da Secretaria Municipal da Promo&ccedil;&atilde;o Art&iacute;stica, Cultural e Tur&iacute;stica da Prefeitura de Apucarana (Promatur), abre hoje (30) as inscri&ccedil;&otilde;es para o Festival Gastron&ocirc;mico de Comidas de Boteco, Chopp, Cerveja, Vinhos e Bebidas Artesanais de Apucarana e Regi&atilde;o, que ser&aacute; realizado no Espa&ccedil;o das Feiras. Os detalhes da iniciativa foram apresentados [&hellip;]<\/p>\n","protected":false},"author":4,"featured_media":54144,"comment_status":"closed","ping_status":"closed","sticky":false,"template":"","format":"standard","meta":{"footnotes":""},"categories":[24],"tags":[],"class_list":["post-54141","post","type-post","status-publish","format-standard","has-post-thumbnail","hentry","category-noticias"],"acf":[],"_links":{"self":[{"href":"http:\/\/www.apucarana.pr.gov.br\/site\/wp-json\/wp\/v2\/posts\/54141","targetHints":{"allow":["GET"]}}],"collection":[{"href":"http:\/\/www.apucarana.pr.gov.br\/site\/wp-json\/wp\/v2\/posts"}],"about":[{"href":"http:\/\/www.apucarana.pr.gov.br\/site\/wp-json\/wp\/v2\/types\/post"}],"author":[{"embeddable":true,"href":"http:\/\/www.apucarana.pr.gov.br\/site\/wp-json\/wp\/v2\/users\/4"}],"replies":[{"embeddable":true,"href":"http:\/\/www.apucarana.pr.gov.br\/site\/wp-json\/wp\/v2\/comments?post=54141"}],"version-history":[{"count":1,"href":"http:\/\/www.apucarana.pr.gov.br\/site\/wp-json\/wp\/v2\/posts\/54141\/revisions"}],"predecessor-version":[{"id":54145,"href":"http:\/\/www.apucarana.pr.gov.br\/site\/wp-json\/wp\/v2\/posts\/54141\/revisions\/54145"}],"wp:featuredmedia":[{"embeddable":true,"href":"http:\/\/www.apucarana.pr.gov.br\/site\/wp-json\/wp\/v2\/media\/54144"}],"wp:attachment":[{"href":"http:\/\/www.apucarana.pr.gov.br\/site\/wp-json\/wp\/v2\/media?parent=54141"}],"wp:term":[{"taxonomy":"category","embeddable":true,"href":"http:\/\/www.apucarana.pr.gov.br\/site\/wp-json\/wp\/v2\/categories?post=54141"},{"taxonomy":"post_tag","embeddable":true,"href":"http:\/\/www.apucarana.pr.gov.br\/site\/wp-json\/wp\/v2\/tags?post=54141"}],"curies":[{"name":"wp","href":"https:\/\/api.w.org\/{rel}","templated":true}]}}