{"id":54136,"date":"2021-11-30T11:42:37","date_gmt":"2021-11-30T14:42:37","guid":{"rendered":"http:\/\/www.apucarana.pr.gov.br\/site\/?p=54136"},"modified":"2024-10-08T09:24:28","modified_gmt":"2024-10-08T12:24:28","slug":"prova-pedestre-pe-vermelho-tera-apoio-da-secretaria-de-esportes-de-apucarana","status":"publish","type":"post","link":"http:\/\/www.apucarana.pr.gov.br\/site\/prova-pedestre-pe-vermelho-tera-apoio-da-secretaria-de-esportes-de-apucarana\/","title":{"rendered":"Prova Pedestre P\u00e9 Vermelho ter\u00e1 apoio da Secretaria de Esportes de Apucarana"},"content":{"rendered":"\n\t\t<!-- MasterSlider -->\n\t\t<div id=\"P_MS69f56744b9f11\" class=\"master-slider-parent master-slider-gallery   ms-parent-id-0\" style=\"\" >\n\n\t\t\t\n\t\t\t<!-- MasterSlider Main -->\n\t\t\t<div id=\"MS69f56744b9f11\" class=\"master-slider ms-skin-default\" >\n\t\t\t\t \t\t\t\t \n\t\t\t<div  class=\"ms-slide\" data-delay=\"3\"    >\n\t\t\t\t\t<img decoding=\"async\" src=\"http:\/\/www.apucarana.pr.gov.br\/site\/wp-content\/plugins\/masterslider\/public\/assets\/css\/blank.gif\" alt=\"WhatsApp-Image-2021-11-30-at-11.08.22\" title=\"WhatsApp-Image-2021-11-30-at-11.08.22\" data-src=\"http:\/\/www.apucarana.pr.gov.br\/site\/wp-content\/uploads\/2021\/12\/WhatsApp-Image-2021-11-30-at-11.08.22.jpeg\" \/>\n\t<a href=\"http:\/\/www.apucarana.pr.gov.br\/site\/wp-content\/uploads\/2021\/12\/WhatsApp-Image-2021-11-30-at-11.08.22.jpeg\" target=\"_self\"    >WhatsApp-Image-2021-11-30-at-11.08.22<\/a>\n\n\n\t<img decoding=\"async\" class=\"ms-thumb\" src=\"http:\/\/www.apucarana.pr.gov.br\/site\/wp-content\/uploads\/2021\/12\/WhatsApp-Image-2021-11-30-at-11.08.22-140x80.jpeg\" alt=\"WhatsApp-Image-2021-11-30-at-11.08.22\" \/>\n\t\t\t\t<\/div>\n\t\t\t<div  class=\"ms-slide\" data-delay=\"3\"    >\n\t\t\t\t\t<img decoding=\"async\" src=\"http:\/\/www.apucarana.pr.gov.br\/site\/wp-content\/plugins\/masterslider\/public\/assets\/css\/blank.gif\" alt=\"WhatsApp-Image-2021-11-30-at-11.08.52\" title=\"WhatsApp-Image-2021-11-30-at-11.08.52\" data-src=\"http:\/\/www.apucarana.pr.gov.br\/site\/wp-content\/uploads\/2021\/12\/WhatsApp-Image-2021-11-30-at-11.08.52-1024x650.jpeg\" \/>\n\t<a href=\"http:\/\/www.apucarana.pr.gov.br\/site\/wp-content\/uploads\/2021\/12\/WhatsApp-Image-2021-11-30-at-11.08.52-1024x650.jpeg\" target=\"_self\"    >WhatsApp-Image-2021-11-30-at-11.08.52<\/a>\n\n\n\t<img decoding=\"async\" class=\"ms-thumb\" src=\"http:\/\/www.apucarana.pr.gov.br\/site\/wp-content\/uploads\/2021\/12\/WhatsApp-Image-2021-11-30-at-11.08.52-1024x650-140x80.jpeg\" alt=\"WhatsApp-Image-2021-11-30-at-11.08.52\" \/>\n\t\t\t\t<\/div>\n\t\t\t<div  class=\"ms-slide\" data-delay=\"3\"    >\n\t\t\t\t\t<img decoding=\"async\" src=\"http:\/\/www.apucarana.pr.gov.br\/site\/wp-content\/plugins\/masterslider\/public\/assets\/css\/blank.gif\" alt=\"WhatsApp-Image-2021-11-30-at-11.09.33\" title=\"WhatsApp-Image-2021-11-30-at-11.09.33\" data-src=\"http:\/\/www.apucarana.pr.gov.br\/site\/wp-content\/uploads\/2021\/12\/WhatsApp-Image-2021-11-30-at-11.09.33-1024x657.jpeg\" \/>\n\t<a href=\"http:\/\/www.apucarana.pr.gov.br\/site\/wp-content\/uploads\/2021\/12\/WhatsApp-Image-2021-11-30-at-11.09.33-1024x657.jpeg\" target=\"_self\"    >WhatsApp-Image-2021-11-30-at-11.09.33<\/a>\n\n\n\t<img decoding=\"async\" class=\"ms-thumb\" src=\"http:\/\/www.apucarana.pr.gov.br\/site\/wp-content\/uploads\/2021\/12\/WhatsApp-Image-2021-11-30-at-11.09.33-1024x657-140x80.jpeg\" alt=\"WhatsApp-Image-2021-11-30-at-11.09.33\" \/>\n\t\t\t\t<\/div>\n\n\t\t\t<\/div>\n\t\t\t<!-- END MasterSlider Main -->\n\n\t\t\t \n\t\t<\/div>\n\t\t<!-- END MasterSlider -->\n\n\t\t<script>\n\t\t( window.MSReady = window.MSReady || [] ).push( function( $ ) {\n\n\t\t\t\"use strict\";\n\t\t\tvar masterslider_9f11 = new MasterSlider();\n\n\t\t\t\/\/ slider controls\n\t\t\tmasterslider_9f11.control('arrows'     ,{ autohide:true, overVideo:true  });\n\t\t\tmasterslider_9f11.control('thumblist'  ,{ autohide:false, overVideo:true, dir:'h', speed:17, inset:false, arrows:false, hover:false, customClass:'', align:'bottom',type:'thumbs', margin:2, width:140, height:80, space:2, fillMode:'fill'  });\n\t\t\t\/\/ slider setup\n\t\t\tmasterslider_9f11.setup(\"MS69f56744b9f11\", {\n\t\t\t\twidth           : 960,\n\t\t\t\theight          : 540,\n\t\t\t\tminHeight       : 0,\n\t\t\t\tspace           : 0,\n\t\t\t\tstart           : 1,\n\t\t\t\tgrabCursor      : true,\n\t\t\t\tswipe           : true,\n\t\t\t\tmouse           : true,\n\t\t\t\tkeyboard        : false,\n\t\t\t\tlayout          : \"fillwidth\",\n\t\t\t\twheel           : false,\n\t\t\t\tautoplay        : true,\n                instantStartLayers:false,\n\t\t\t\tmobileBGVideo:false,\n\t\t\t\tloop            : true,\n\t\t\t\tshuffle         : false,\n\t\t\t\tpreload         : 3,\n\t\t\t\theightLimit     : false,\n\t\t\t\tautoHeight      : false,\n\t\t\t\tsmoothHeight    : true,\n\t\t\t\tendPause        : false,\n\t\t\t\toverPause       : false,\n\t\t\t\tfillMode        : \"fill\",\n\t\t\t\tcenterControls  : true,\n\t\t\t\tstartOnAppear   : false,\n\t\t\t\tlayersMode      : \"center\",\n\t\t\t\tautofillTarget  : \"\",\n\t\t\t\thideLayers      : false,\n\t\t\t\tfullscreenMargin: 0,\n\t\t\t\tspeed           : 17,\n\t\t\t\tdir             : \"h\",\n\t\t\t\tresponsive      : true,\n\t\t\t\ttabletWidth     : 768,\n\t\t\t\ttabletHeight    : null,\n\t\t\t\tphoneWidth      : 480,\n\t\t\t\tphoneHeight    : null,\n\t\t\t\tsizingReference : window,\n\t\t\t\tparallaxMode    : 'swipe',\n\t\t\t\tview            : \"basic\"\n\t\t\t});\n\n\t\t\t\n\t\t\twindow.masterslider_instances = window.masterslider_instances || [];\n\t\t\twindow.masterslider_instances.push( masterslider_9f11 );\n\t\t});\n\t\t<\/script>\n\n\n<p>Com apoio da Secretaria Municipal de Esportes da Prefeitura de Apucarana, ser\u00e1 realizada no dia 12 de dezembro no entorno do Lago Jaboti, a 1\u00aa edi\u00e7\u00e3o da Prova Pedestre P\u00e9 Vermelho, que ter\u00e1 percurso de 6 quil\u00f4metros. A largada ser\u00e1 \u00e0s 8 horas, no p\u00e1tio da Associa\u00e7\u00e3o Cultural e Esportiva de Apucarana (Acea).<\/p>\n<p>O professor Jos\u00e9 Marcelino da Silva, o Grilo, secret\u00e1rio municipal de Esportes da Prefeitura de Apucarana, esteve reunido com os atletas da equipe P\u00e9 Vermelho, Jo\u00e3o Dias, Osires Antunes e Daniela Aparecida Siqueira, ultimando os preparativos para a corrida que reunir\u00e1 competidores da cidade e toda a regi\u00e3o. \u201cA Secretaria de Esportes \u00e9 parceira da equipe P\u00e9 Vermelho e dar\u00e1 todo o suporte e ajudar\u00e1 na realiza\u00e7\u00e3o da corrida. Com certeza a prova ter\u00e1 um bom n\u00famero de participantes, com muitos deles j\u00e1 se preparando para a Prova Pedestre 28 de Janeiro do ano que vem. S\u00e3o duas competi\u00e7\u00f5es que contam com apoio e incentivo do prefeito Junior da Femac\u201d, frisa o professor Grillo.<\/p>\n<p>De acordo com Jo\u00e3o Dias, as inscri\u00e7\u00f5es da Prova Pedestre P\u00e9 Vermelho est\u00e3o abertas pelos naipes masculino e feminino, e podem ser feitas no site: <a href=\"http:\/\/www.tvcomrunning.com.br\">www.tvcomrunning.com.br<\/a> ou na Loja Dias Couros, na rua Osvaldo Cruz. \u201cSem camiseta a inscri\u00e7\u00e3o custa R$ 45,00 e com camiseta o valor \u00e9 de R$ 70,00. Muitos atletas de Apucarana e da regi\u00e3o t\u00eam nos procurado para participar da prova no dia 12 de dezembro. Ser\u00e1 uma grande festa nessa retomada do pedestrianismo em nossa cidade\u201d, destaca Dias. Ele ainda informa que todos os atletas que conclu\u00edrem a prova no &#8220;Jaboti&#8221; receber\u00e3o medalhas. &#8220;As cinco maiores equipes do evento e os cinco melhores atletas de cada categoria tamb\u00e9m ganhar\u00e3o trof\u00e9us&#8221;, finaliza Dias.<\/p>\n","protected":false},"excerpt":{"rendered":"<p>Com apoio da Secretaria Municipal de Esportes da Prefeitura de Apucarana, ser&aacute; realizada no dia 12 de dezembro no entorno do Lago Jaboti, a 1&ordf; edi&ccedil;&atilde;o da Prova Pedestre P&eacute; Vermelho, que ter&aacute; percurso de 6 quil&ocirc;metros. A largada ser&aacute; &agrave;s 8 horas, no p&aacute;tio da Associa&ccedil;&atilde;o Cultural e Esportiva de Apucarana (Acea). O professor [&hellip;]<\/p>\n","protected":false},"author":4,"featured_media":54138,"comment_status":"closed","ping_status":"closed","sticky":false,"template":"","format":"standard","meta":{"footnotes":""},"categories":[24],"tags":[],"class_list":["post-54136","post","type-post","status-publish","format-standard","has-post-thumbnail","hentry","category-noticias"],"acf":[],"_links":{"self":[{"href":"http:\/\/www.apucarana.pr.gov.br\/site\/wp-json\/wp\/v2\/posts\/54136","targetHints":{"allow":["GET"]}}],"collection":[{"href":"http:\/\/www.apucarana.pr.gov.br\/site\/wp-json\/wp\/v2\/posts"}],"about":[{"href":"http:\/\/www.apucarana.pr.gov.br\/site\/wp-json\/wp\/v2\/types\/post"}],"author":[{"embeddable":true,"href":"http:\/\/www.apucarana.pr.gov.br\/site\/wp-json\/wp\/v2\/users\/4"}],"replies":[{"embeddable":true,"href":"http:\/\/www.apucarana.pr.gov.br\/site\/wp-json\/wp\/v2\/comments?post=54136"}],"version-history":[{"count":1,"href":"http:\/\/www.apucarana.pr.gov.br\/site\/wp-json\/wp\/v2\/posts\/54136\/revisions"}],"predecessor-version":[{"id":54140,"href":"http:\/\/www.apucarana.pr.gov.br\/site\/wp-json\/wp\/v2\/posts\/54136\/revisions\/54140"}],"wp:featuredmedia":[{"embeddable":true,"href":"http:\/\/www.apucarana.pr.gov.br\/site\/wp-json\/wp\/v2\/media\/54138"}],"wp:attachment":[{"href":"http:\/\/www.apucarana.pr.gov.br\/site\/wp-json\/wp\/v2\/media?parent=54136"}],"wp:term":[{"taxonomy":"category","embeddable":true,"href":"http:\/\/www.apucarana.pr.gov.br\/site\/wp-json\/wp\/v2\/categories?post=54136"},{"taxonomy":"post_tag","embeddable":true,"href":"http:\/\/www.apucarana.pr.gov.br\/site\/wp-json\/wp\/v2\/tags?post=54136"}],"curies":[{"name":"wp","href":"https:\/\/api.w.org\/{rel}","templated":true}]}}