{"id":54093,"date":"2021-11-29T16:57:18","date_gmt":"2021-11-29T19:57:18","guid":{"rendered":"http:\/\/www.apucarana.pr.gov.br\/site\/?p=54093"},"modified":"2024-10-08T09:24:28","modified_gmt":"2024-10-08T12:24:28","slug":"programa-portas-abertas-capacita-novos-profissionais-em-apucarana","status":"publish","type":"post","link":"http:\/\/www.apucarana.pr.gov.br\/site\/programa-portas-abertas-capacita-novos-profissionais-em-apucarana\/","title":{"rendered":"Programa Portas Abertas capacita novos profissionais em Apucarana"},"content":{"rendered":"\n\t\t<!-- MasterSlider -->\n\t\t<div id=\"P_MS69f55d5427753\" class=\"master-slider-parent master-slider-gallery   ms-parent-id-0\" style=\"\" >\n\n\t\t\t\n\t\t\t<!-- MasterSlider Main -->\n\t\t\t<div id=\"MS69f55d5427753\" class=\"master-slider ms-skin-default\" >\n\t\t\t\t \t\t\t\t \n\t\t\t<div  class=\"ms-slide\" data-delay=\"3\"    >\n\t\t\t\t\t<img decoding=\"async\" src=\"http:\/\/www.apucarana.pr.gov.br\/site\/wp-content\/plugins\/masterslider\/public\/assets\/css\/blank.gif\" alt=\"Curso-Camiseta\" title=\"Curso-Camiseta\" data-src=\"http:\/\/www.apucarana.pr.gov.br\/site\/wp-content\/uploads\/2021\/11\/Curso-Camiseta-1024x768.jpeg\" \/>\n\t<a href=\"http:\/\/www.apucarana.pr.gov.br\/site\/wp-content\/uploads\/2021\/11\/Curso-Camiseta-1024x768.jpeg\" target=\"_self\"    >Curso-Camiseta<\/a>\n\n\n\t<img decoding=\"async\" class=\"ms-thumb\" src=\"http:\/\/www.apucarana.pr.gov.br\/site\/wp-content\/uploads\/2021\/11\/Curso-Camiseta-1024x768-140x80.jpeg\" alt=\"Curso-Camiseta\" \/>\n\t\t\t\t<\/div>\n\t\t\t<div  class=\"ms-slide\" data-delay=\"3\"    >\n\t\t\t\t\t<img decoding=\"async\" src=\"http:\/\/www.apucarana.pr.gov.br\/site\/wp-content\/plugins\/masterslider\/public\/assets\/css\/blank.gif\" alt=\"Curso-E-commerce\" title=\"Curso-E-commerce\" data-src=\"http:\/\/www.apucarana.pr.gov.br\/site\/wp-content\/uploads\/2021\/11\/Curso-E-commerce-1024x768.jpeg\" \/>\n\t<a href=\"http:\/\/www.apucarana.pr.gov.br\/site\/wp-content\/uploads\/2021\/11\/Curso-E-commerce-1024x768.jpeg\" target=\"_self\"    >Curso-E-commerce<\/a>\n\n\n\t<img decoding=\"async\" class=\"ms-thumb\" src=\"http:\/\/www.apucarana.pr.gov.br\/site\/wp-content\/uploads\/2021\/11\/Curso-E-commerce-1024x768-140x80.jpeg\" alt=\"Curso-E-commerce\" \/>\n\t\t\t\t<\/div>\n\t\t\t<div  class=\"ms-slide\" data-delay=\"3\"    >\n\t\t\t\t\t<img decoding=\"async\" src=\"http:\/\/www.apucarana.pr.gov.br\/site\/wp-content\/plugins\/masterslider\/public\/assets\/css\/blank.gif\" alt=\"Curso-Veiculos-Pesados\" title=\"Curso-Veiculos-Pesados\" data-src=\"http:\/\/www.apucarana.pr.gov.br\/site\/wp-content\/uploads\/2021\/11\/Curso-Veiculos-Pesados-1024x768.jpeg\" \/>\n\t<a href=\"http:\/\/www.apucarana.pr.gov.br\/site\/wp-content\/uploads\/2021\/11\/Curso-Veiculos-Pesados-1024x768.jpeg\" target=\"_self\"    >Curso-Veiculos-Pesados<\/a>\n\n\n\t<img decoding=\"async\" class=\"ms-thumb\" src=\"http:\/\/www.apucarana.pr.gov.br\/site\/wp-content\/uploads\/2021\/11\/Curso-Veiculos-Pesados-1024x768-140x80.jpeg\" alt=\"Curso-Veiculos-Pesados\" \/>\n\t\t\t\t<\/div>\n\t\t\t<div  class=\"ms-slide\" data-delay=\"3\"    >\n\t\t\t\t\t<img decoding=\"async\" src=\"http:\/\/www.apucarana.pr.gov.br\/site\/wp-content\/plugins\/masterslider\/public\/assets\/css\/blank.gif\" alt=\"WhatsApp-Image-2021-11-29-at-15.27.271\" title=\"WhatsApp-Image-2021-11-29-at-15.27.271\" data-src=\"http:\/\/www.apucarana.pr.gov.br\/site\/wp-content\/uploads\/2021\/11\/WhatsApp-Image-2021-11-29-at-15.27.271-1024x576.jpeg\" \/>\n\t<a href=\"http:\/\/www.apucarana.pr.gov.br\/site\/wp-content\/uploads\/2021\/11\/WhatsApp-Image-2021-11-29-at-15.27.271-1024x576.jpeg\" target=\"_self\"    >WhatsApp-Image-2021-11-29-at-15.27.271<\/a>\n\n\n\t<img decoding=\"async\" class=\"ms-thumb\" src=\"http:\/\/www.apucarana.pr.gov.br\/site\/wp-content\/uploads\/2021\/11\/WhatsApp-Image-2021-11-29-at-15.27.271-1024x576-140x80.jpeg\" alt=\"WhatsApp-Image-2021-11-29-at-15.27.271\" \/>\n\t\t\t\t<\/div>\n\n\t\t\t<\/div>\n\t\t\t<!-- END MasterSlider Main -->\n\n\t\t\t \n\t\t<\/div>\n\t\t<!-- END MasterSlider -->\n\n\t\t<script>\n\t\t( window.MSReady = window.MSReady || [] ).push( function( $ ) {\n\n\t\t\t\"use strict\";\n\t\t\tvar masterslider_7753 = new MasterSlider();\n\n\t\t\t\/\/ slider controls\n\t\t\tmasterslider_7753.control('arrows'     ,{ autohide:true, overVideo:true  });\n\t\t\tmasterslider_7753.control('thumblist'  ,{ autohide:false, overVideo:true, dir:'h', speed:17, inset:false, arrows:false, hover:false, customClass:'', align:'bottom',type:'thumbs', margin:2, width:140, height:80, space:2, fillMode:'fill'  });\n\t\t\t\/\/ slider setup\n\t\t\tmasterslider_7753.setup(\"MS69f55d5427753\", {\n\t\t\t\twidth           : 960,\n\t\t\t\theight          : 540,\n\t\t\t\tminHeight       : 0,\n\t\t\t\tspace           : 0,\n\t\t\t\tstart           : 1,\n\t\t\t\tgrabCursor      : true,\n\t\t\t\tswipe           : true,\n\t\t\t\tmouse           : true,\n\t\t\t\tkeyboard        : false,\n\t\t\t\tlayout          : \"fillwidth\",\n\t\t\t\twheel           : false,\n\t\t\t\tautoplay        : true,\n                instantStartLayers:false,\n\t\t\t\tmobileBGVideo:false,\n\t\t\t\tloop            : true,\n\t\t\t\tshuffle         : false,\n\t\t\t\tpreload         : 3,\n\t\t\t\theightLimit     : false,\n\t\t\t\tautoHeight      : false,\n\t\t\t\tsmoothHeight    : true,\n\t\t\t\tendPause        : false,\n\t\t\t\toverPause       : false,\n\t\t\t\tfillMode        : \"fill\",\n\t\t\t\tcenterControls  : true,\n\t\t\t\tstartOnAppear   : false,\n\t\t\t\tlayersMode      : \"center\",\n\t\t\t\tautofillTarget  : \"\",\n\t\t\t\thideLayers      : false,\n\t\t\t\tfullscreenMargin: 0,\n\t\t\t\tspeed           : 17,\n\t\t\t\tdir             : \"h\",\n\t\t\t\tresponsive      : true,\n\t\t\t\ttabletWidth     : 768,\n\t\t\t\ttabletHeight    : null,\n\t\t\t\tphoneWidth      : 480,\n\t\t\t\tphoneHeight    : null,\n\t\t\t\tsizingReference : window,\n\t\t\t\tparallaxMode    : 'swipe',\n\t\t\t\tview            : \"basic\"\n\t\t\t});\n\n\t\t\t\n\t\t\twindow.masterslider_instances = window.masterslider_instances || [];\n\t\t\twindow.masterslider_instances.push( masterslider_7753 );\n\t\t});\n\t\t<\/script>\n\n\n<p>O mercado de trabalho recebeu nesta semana mais profissionais capacitados &#8211; nas \u00e1reas de costura industrial, gest\u00e3o de estoque, mec\u00e2nica de ve\u00edculos pesados e de Marketing Digital E-commerce: Vender no com\u00e9rcio eletr\u00f4nico &#8211; atrav\u00e9s do Programa Municipal Portas Abertas, uma iniciativa da Secretaria da Ind\u00fastria, Com\u00e9rcio e Emprego da Prefeitura de Apucarana que, entre outras a\u00e7\u00f5es, contrata cursos junto a servi\u00e7os de aprendizagem nacional, como Senai e Senac, e repassa de maneira gratuita \u00e0 popula\u00e7\u00e3o.<\/p>\n<p>No ato de certifica\u00e7\u00e3o dos formandos, o prefeito J\u00fanior da Femac foi representado pelo diretor do Centro Municipal de Qualifica\u00e7\u00e3o Total, Miguel Luiz Vilas Boas. \u201cApucarana vive um cen\u00e1rio de desenvolvimento, de retomada econ\u00f4mica com a diminui\u00e7\u00e3o da intensidade da pandemia e \u00e9 gratificante ver que as pessoas confiam e acreditam no trabalho que vem sendo feito pela gest\u00e3o do prefeito J\u00fanior da Femac, agarrando as oportunidades abertas pelo poder p\u00fablico que, ao adquirir e oferecer gratuitamente essas forma\u00e7\u00f5es profissionais, visa sobretudo promover o que chamamos de ciclo virtuoso, atendendo o empresariado que necessita de m\u00e3o de obra qualificada e, ao mesmo tempo, promovendo a qualidade de vida e dignidade do cidad\u00e3o, atrav\u00e9s de conhecimento t\u00e9cnico para obten\u00e7\u00e3o de emprego formal\u201d, pontuou Vilas Boas.<\/p>\n<p>O encerramento do curso de confec\u00e7\u00e3o de costura industrial atrav\u00e9s do Senai, na modalidade confec\u00e7\u00e3o de camisetas, aconteceu no Centro de Qualifica\u00e7\u00e3o Total. Com carga hor\u00e1ria de 80 horas, foi conclu\u00eddo por 30 alunos. \u201cAlguns formandos v\u00e3o empreender na \u00e1rea e os que optaram em ser colaboradores foram encaminhados para a Ag\u00eancia do Trabalhador e empresas parceiras e j\u00e1 est\u00e3o em processo de contrata\u00e7\u00e3o\u201d, destaca Vilas Boas, diretor de Qualifica\u00e7\u00e3o Profissional da prefeitura.<\/p>\n<p>De acordo com ele, outros cursos pelo Senai encerrados recentemente foram o de Mec\u00e2nica B\u00e1sica de Ve\u00edculos Pesados e Gest\u00e3o de Estoque. \u201cSetores produtivos tamb\u00e9m ouvidos pelo prefeito J\u00fanior da Femac e que solicitaram \u00e0 prefeitura a contrata\u00e7\u00e3o de cursos relatando a necessidade de mais m\u00e3o de obra qualificada\u201d, comenta o diretor.<\/p>\n<p>Pelo Senac, a forma\u00e7\u00e3o conclu\u00edda e com certifica\u00e7\u00e3o de alunos realizada na \u00faltima semana foi a de Marketing Digital E-commerce: Vender no com\u00e9rcio eletr\u00f4nico (42 horas. Os alunos aprenderam sobre legisla\u00e7\u00e3o e as diversas modalidades de e-commerce, como Business-to-business (B2B), Business-to-consumer (B2C), Consumer-to-business (CNB), Consumer-to-consumer (C2C), Business-to-administration (B2A), Consumer-to-administration (C2A). \u201cAl\u00e9m disso, o curso repassou conhecimentos sobre marketing digital e a\u00e7\u00f5es espec\u00edficas, como buzz marketing, marketing viral e de oportunidades, an\u00e1lise de e-mail marketing e newsletter\u201d, cita Rodrigo Hirata, t\u00e9cnico de Rela\u00e7\u00f5es com o Mercado do Senac. Tamb\u00e9m fez parte da grade de conte\u00fados ferramentas de busca, acesso e controle, feedback dos consumidores, comunica\u00e7\u00e3o visual eletr\u00f4nica e monitoramento de m\u00e9tricas e indicadores de desempenho.<\/p>\n<p>Servi\u00e7o \u2013 O Centro de Qualifica\u00e7\u00e3o Total da Prefeitura de Apucarana fica \u00e0 Rua Ouro Verde, 300 \u2013 Jardim Am\u00e9rica. O hor\u00e1rio de atendimento \u00e9 das 8 \u00e0s 17 horas, de segunda a sexta-feira. Mais informa\u00e7\u00f5es sobre os cursos com inscri\u00e7\u00f5es abertas podem ser obtidas ainda pelos telefones 3426-7241 e celular\/whatsApp: 99654-8024.<\/p>\n","protected":false},"excerpt":{"rendered":"<p>O mercado de trabalho recebeu nesta semana mais profissionais capacitados &ndash; nas &aacute;reas de costura industrial, gest&atilde;o de estoque, mec&acirc;nica de ve&iacute;culos pesados e de Marketing Digital E-commerce: Vender no com&eacute;rcio eletr&ocirc;nico &ndash; atrav&eacute;s do Programa Municipal Portas Abertas, uma iniciativa da Secretaria da Ind&uacute;stria, Com&eacute;rcio e Emprego da Prefeitura de Apucarana que, entre outras [&hellip;]<\/p>\n","protected":false},"author":4,"featured_media":54096,"comment_status":"closed","ping_status":"closed","sticky":false,"template":"","format":"standard","meta":{"footnotes":""},"categories":[24],"tags":[],"class_list":["post-54093","post","type-post","status-publish","format-standard","has-post-thumbnail","hentry","category-noticias"],"acf":[],"_links":{"self":[{"href":"http:\/\/www.apucarana.pr.gov.br\/site\/wp-json\/wp\/v2\/posts\/54093","targetHints":{"allow":["GET"]}}],"collection":[{"href":"http:\/\/www.apucarana.pr.gov.br\/site\/wp-json\/wp\/v2\/posts"}],"about":[{"href":"http:\/\/www.apucarana.pr.gov.br\/site\/wp-json\/wp\/v2\/types\/post"}],"author":[{"embeddable":true,"href":"http:\/\/www.apucarana.pr.gov.br\/site\/wp-json\/wp\/v2\/users\/4"}],"replies":[{"embeddable":true,"href":"http:\/\/www.apucarana.pr.gov.br\/site\/wp-json\/wp\/v2\/comments?post=54093"}],"version-history":[{"count":1,"href":"http:\/\/www.apucarana.pr.gov.br\/site\/wp-json\/wp\/v2\/posts\/54093\/revisions"}],"predecessor-version":[{"id":54098,"href":"http:\/\/www.apucarana.pr.gov.br\/site\/wp-json\/wp\/v2\/posts\/54093\/revisions\/54098"}],"wp:featuredmedia":[{"embeddable":true,"href":"http:\/\/www.apucarana.pr.gov.br\/site\/wp-json\/wp\/v2\/media\/54096"}],"wp:attachment":[{"href":"http:\/\/www.apucarana.pr.gov.br\/site\/wp-json\/wp\/v2\/media?parent=54093"}],"wp:term":[{"taxonomy":"category","embeddable":true,"href":"http:\/\/www.apucarana.pr.gov.br\/site\/wp-json\/wp\/v2\/categories?post=54093"},{"taxonomy":"post_tag","embeddable":true,"href":"http:\/\/www.apucarana.pr.gov.br\/site\/wp-json\/wp\/v2\/tags?post=54093"}],"curies":[{"name":"wp","href":"https:\/\/api.w.org\/{rel}","templated":true}]}}