{"id":54075,"date":"2021-11-29T18:17:49","date_gmt":"2021-11-29T21:17:49","guid":{"rendered":"http:\/\/www.apucarana.pr.gov.br\/site\/?p=54075"},"modified":"2024-10-08T09:24:28","modified_gmt":"2024-10-08T12:24:28","slug":"combate-a-furto-de-cabos-de-energia-e-tema-de-reuniao-entre-pm-e-junior-da-femac","status":"publish","type":"post","link":"http:\/\/www.apucarana.pr.gov.br\/site\/combate-a-furto-de-cabos-de-energia-e-tema-de-reuniao-entre-pm-e-junior-da-femac\/","title":{"rendered":"Combate a furto de cabos de energia \u00e9 tema de reuni\u00e3o entre PM e Junior da Femac"},"content":{"rendered":"\n\t\t<!-- MasterSlider -->\n\t\t<div id=\"P_MS69f5681aa8d70\" class=\"master-slider-parent master-slider-gallery   ms-parent-id-0\" style=\"\" >\n\n\t\t\t\n\t\t\t<!-- MasterSlider Main -->\n\t\t\t<div id=\"MS69f5681aa8d70\" class=\"master-slider ms-skin-default\" >\n\t\t\t\t \t\t\t\t \n\t\t\t<div  class=\"ms-slide\" data-delay=\"3\"    >\n\t\t\t\t\t<img decoding=\"async\" src=\"http:\/\/www.apucarana.pr.gov.br\/site\/wp-content\/plugins\/masterslider\/public\/assets\/css\/blank.gif\" alt=\"IMG_2470-scaled\" title=\"IMG_2470-scaled\" data-src=\"http:\/\/www.apucarana.pr.gov.br\/site\/wp-content\/uploads\/2021\/11\/IMG_2470-scaled-1-1024x639.jpg\" \/>\n\t<a href=\"http:\/\/www.apucarana.pr.gov.br\/site\/wp-content\/uploads\/2021\/11\/IMG_2470-scaled-1-1024x639.jpg\" target=\"_self\"    >IMG_2470-scaled<\/a>\n\n\n\t\t\t\t<\/div>\n\n\t\t\t<\/div>\n\t\t\t<!-- END MasterSlider Main -->\n\n\t\t\t \n\t\t<\/div>\n\t\t<!-- END MasterSlider -->\n\n\t\t<script>\n\t\t( window.MSReady = window.MSReady || [] ).push( function( $ ) {\n\n\t\t\t\"use strict\";\n\t\t\tvar masterslider_8d70 = new MasterSlider();\n\n\t\t\t\/\/ slider controls\n\t\t\tmasterslider_8d70.control('arrows'     ,{ autohide:true, overVideo:true  });\n\t\t\t\/\/ slider setup\n\t\t\tmasterslider_8d70.setup(\"MS69f5681aa8d70\", {\n\t\t\t\twidth           : 960,\n\t\t\t\theight          : 540,\n\t\t\t\tminHeight       : 0,\n\t\t\t\tspace           : 0,\n\t\t\t\tstart           : 1,\n\t\t\t\tgrabCursor      : true,\n\t\t\t\tswipe           : true,\n\t\t\t\tmouse           : true,\n\t\t\t\tkeyboard        : false,\n\t\t\t\tlayout          : \"fillwidth\",\n\t\t\t\twheel           : false,\n\t\t\t\tautoplay        : true,\n                instantStartLayers:false,\n\t\t\t\tmobileBGVideo:false,\n\t\t\t\tloop            : true,\n\t\t\t\tshuffle         : false,\n\t\t\t\tpreload         : 3,\n\t\t\t\theightLimit     : false,\n\t\t\t\tautoHeight      : false,\n\t\t\t\tsmoothHeight    : true,\n\t\t\t\tendPause        : false,\n\t\t\t\toverPause       : false,\n\t\t\t\tfillMode        : \"fill\",\n\t\t\t\tcenterControls  : true,\n\t\t\t\tstartOnAppear   : false,\n\t\t\t\tlayersMode      : \"center\",\n\t\t\t\tautofillTarget  : \"\",\n\t\t\t\thideLayers      : false,\n\t\t\t\tfullscreenMargin: 0,\n\t\t\t\tspeed           : 17,\n\t\t\t\tdir             : \"h\",\n\t\t\t\tresponsive      : true,\n\t\t\t\ttabletWidth     : 768,\n\t\t\t\ttabletHeight    : null,\n\t\t\t\tphoneWidth      : 480,\n\t\t\t\tphoneHeight    : null,\n\t\t\t\tsizingReference : window,\n\t\t\t\tparallaxMode    : 'swipe',\n\t\t\t\tview            : \"basic\"\n\t\t\t});\n\n\t\t\t\n\t\t\twindow.masterslider_instances = window.masterslider_instances || [];\n\t\t\twindow.masterslider_instances.push( masterslider_8d70 );\n\t\t});\n\t\t<\/script>\n\n\n<p>O furto de cabos de energia foi tema de uma reuni\u00e3o on line entre o prefeito Junior da Femac, o comandante do 10\u00ba Batalh\u00e3o da Pol\u00edcia Militar, tenente-coronel Marcos Jos\u00e9 Facio e diretores do Col\u00e9gio Estadual Tr\u00eas Reis.<\/p>\n<p>O prefeito lembra que o furto de cabos de energia j\u00e1 foi praticado em escolas municipais, unidade b\u00e1sica de sa\u00fade, sanepar e mais recentemente em um estabelecimento da rede estadual.<br \/>\nA diretora do Col\u00e9gio Estadual Tr\u00eas Reis, Rosana Ortiz, relata que o preju\u00edzo com o furto de cabos de energia no estabelecimento de ensino que dirige chega a R$ 100 mil. \u201cIsso trouxe muito transtorno para o andamento das atividades escolares e estamos buscando meios para refor\u00e7ar a seguran\u00e7a em nosso col\u00e9gio\u201d, afirma Ortiz, que se reuniu com o prefeito acompanha do vice-diretor do Tr\u00eas Reis, Marcio Akio Takiguti, e do assessor do vereador Luciano Molina, Rafael Idalgo.<\/p>\n<p>Apucarana formou recentemente uma for\u00e7a-tarefa para prevenir e combater o roubo e furto de cabos de energia. Al\u00e9m da intensifica\u00e7\u00e3o dos trabalhos de intelig\u00eancia e ostensivo das pol\u00edcias civil e militar, a prefeitura e o poder judici\u00e1rio passaram a ter participa\u00e7\u00e3o em a\u00e7\u00f5es para enfrentar a pr\u00e1tica desse crime na cidade.<\/p>\n<p>A participa\u00e7\u00e3o da prefeitura nesta for\u00e7a-tarefa acontece por meio da Guarda Municipal e da Superintend\u00eancia Municipal de Tr\u00e2nsito, e o judici\u00e1rio tem foco nas medidas cautelares, busca e apreens\u00e3o e pris\u00e3o preventiva.<\/p>\n<p>A realiza\u00e7\u00e3o den\u00fancias an\u00f4nimas por parte da popula\u00e7\u00e3o podem ser feitas pelos telefones 181 (disque den\u00fancia), 190 (Pol\u00edcia Militar), 197 (Pol\u00edcia Civil) e 153 (Guarda Municipal).<\/p>\n","protected":false},"excerpt":{"rendered":"<p>O furto de cabos de energia foi tema de uma reuni&atilde;o on line entre o prefeito Junior da Femac, o comandante do 10&ordm; Batalh&atilde;o da Pol&iacute;cia Militar, tenente-coronel Marcos Jos&eacute; Facio e diretores do Col&eacute;gio Estadual Tr&ecirc;s Reis. O prefeito lembra que o furto de cabos de energia j&aacute; foi praticado em escolas municipais, unidade [&hellip;]<\/p>\n","protected":false},"author":4,"featured_media":54077,"comment_status":"closed","ping_status":"closed","sticky":false,"template":"","format":"standard","meta":{"footnotes":""},"categories":[24],"tags":[],"class_list":["post-54075","post","type-post","status-publish","format-standard","has-post-thumbnail","hentry","category-noticias"],"acf":[],"_links":{"self":[{"href":"http:\/\/www.apucarana.pr.gov.br\/site\/wp-json\/wp\/v2\/posts\/54075","targetHints":{"allow":["GET"]}}],"collection":[{"href":"http:\/\/www.apucarana.pr.gov.br\/site\/wp-json\/wp\/v2\/posts"}],"about":[{"href":"http:\/\/www.apucarana.pr.gov.br\/site\/wp-json\/wp\/v2\/types\/post"}],"author":[{"embeddable":true,"href":"http:\/\/www.apucarana.pr.gov.br\/site\/wp-json\/wp\/v2\/users\/4"}],"replies":[{"embeddable":true,"href":"http:\/\/www.apucarana.pr.gov.br\/site\/wp-json\/wp\/v2\/comments?post=54075"}],"version-history":[{"count":1,"href":"http:\/\/www.apucarana.pr.gov.br\/site\/wp-json\/wp\/v2\/posts\/54075\/revisions"}],"predecessor-version":[{"id":54078,"href":"http:\/\/www.apucarana.pr.gov.br\/site\/wp-json\/wp\/v2\/posts\/54075\/revisions\/54078"}],"wp:featuredmedia":[{"embeddable":true,"href":"http:\/\/www.apucarana.pr.gov.br\/site\/wp-json\/wp\/v2\/media\/54077"}],"wp:attachment":[{"href":"http:\/\/www.apucarana.pr.gov.br\/site\/wp-json\/wp\/v2\/media?parent=54075"}],"wp:term":[{"taxonomy":"category","embeddable":true,"href":"http:\/\/www.apucarana.pr.gov.br\/site\/wp-json\/wp\/v2\/categories?post=54075"},{"taxonomy":"post_tag","embeddable":true,"href":"http:\/\/www.apucarana.pr.gov.br\/site\/wp-json\/wp\/v2\/tags?post=54075"}],"curies":[{"name":"wp","href":"https:\/\/api.w.org\/{rel}","templated":true}]}}