{"id":53921,"date":"2021-11-24T11:06:13","date_gmt":"2021-11-24T14:06:13","guid":{"rendered":"http:\/\/www.apucarana.pr.gov.br\/site\/?p=53921"},"modified":"2024-10-08T09:24:31","modified_gmt":"2024-10-08T12:24:31","slug":"criancas-encantam-o-publico-com-apresentacao-de-danca","status":"publish","type":"post","link":"http:\/\/www.apucarana.pr.gov.br\/site\/criancas-encantam-o-publico-com-apresentacao-de-danca\/","title":{"rendered":"Crian\u00e7as encantam o p\u00fablico com apresenta\u00e7\u00e3o de dan\u00e7a"},"content":{"rendered":"\n\t\t<!-- MasterSlider -->\n\t\t<div id=\"P_MS69f53f17d8280\" class=\"master-slider-parent master-slider-gallery   ms-parent-id-0\" style=\"\" >\n\n\t\t\t\n\t\t\t<!-- MasterSlider Main -->\n\t\t\t<div id=\"MS69f53f17d8280\" class=\"master-slider ms-skin-default\" >\n\t\t\t\t \t\t\t\t \n\t\t\t<div  class=\"ms-slide\" data-delay=\"3\"    >\n\t\t\t\t\t<img decoding=\"async\" src=\"http:\/\/www.apucarana.pr.gov.br\/site\/wp-content\/plugins\/masterslider\/public\/assets\/css\/blank.gif\" alt=\"CMEIs-EXPRESSAO-CORPORAL-2\" title=\"CMEIs-EXPRESSAO-CORPORAL-2\" data-src=\"http:\/\/www.apucarana.pr.gov.br\/site\/wp-content\/uploads\/2021\/11\/CMEIs-EXPRESSAO-CORPORAL-2-1024x596.jpg\" \/>\n\t<a href=\"http:\/\/www.apucarana.pr.gov.br\/site\/wp-content\/uploads\/2021\/11\/CMEIs-EXPRESSAO-CORPORAL-2-1024x596.jpg\" target=\"_self\"    >CMEIs-EXPRESSAO-CORPORAL-2<\/a>\n\n\n\t<img decoding=\"async\" class=\"ms-thumb\" src=\"http:\/\/www.apucarana.pr.gov.br\/site\/wp-content\/uploads\/2021\/11\/CMEIs-EXPRESSAO-CORPORAL-2-1024x596-140x80.jpg\" alt=\"CMEIs-EXPRESSAO-CORPORAL-2\" \/>\n\t\t\t\t<\/div>\n\t\t\t<div  class=\"ms-slide\" data-delay=\"3\"    >\n\t\t\t\t\t<img decoding=\"async\" src=\"http:\/\/www.apucarana.pr.gov.br\/site\/wp-content\/plugins\/masterslider\/public\/assets\/css\/blank.gif\" alt=\"CMEIs-EXPRESSAO-CORPORAL-4\" title=\"CMEIs-EXPRESSAO-CORPORAL-4\" data-src=\"http:\/\/www.apucarana.pr.gov.br\/site\/wp-content\/uploads\/2021\/11\/CMEIs-EXPRESSAO-CORPORAL-4.jpg\" \/>\n\t<a href=\"http:\/\/www.apucarana.pr.gov.br\/site\/wp-content\/uploads\/2021\/11\/CMEIs-EXPRESSAO-CORPORAL-4.jpg\" target=\"_self\"    >CMEIs-EXPRESSAO-CORPORAL-4<\/a>\n\n\n\t<img decoding=\"async\" class=\"ms-thumb\" src=\"http:\/\/www.apucarana.pr.gov.br\/site\/wp-content\/uploads\/2021\/11\/CMEIs-EXPRESSAO-CORPORAL-4-140x80.jpg\" alt=\"CMEIs-EXPRESSAO-CORPORAL-4\" \/>\n\t\t\t\t<\/div>\n\t\t\t<div  class=\"ms-slide\" data-delay=\"3\"    >\n\t\t\t\t\t<img decoding=\"async\" src=\"http:\/\/www.apucarana.pr.gov.br\/site\/wp-content\/plugins\/masterslider\/public\/assets\/css\/blank.gif\" alt=\"CMEIs-EXPRESSAO-CORPORAL-5\" title=\"CMEIs-EXPRESSAO-CORPORAL-5\" data-src=\"http:\/\/www.apucarana.pr.gov.br\/site\/wp-content\/uploads\/2021\/11\/CMEIs-EXPRESSAO-CORPORAL-5-1024x577.jpg\" \/>\n\t<a href=\"http:\/\/www.apucarana.pr.gov.br\/site\/wp-content\/uploads\/2021\/11\/CMEIs-EXPRESSAO-CORPORAL-5-1024x577.jpg\" target=\"_self\"    >CMEIs-EXPRESSAO-CORPORAL-5<\/a>\n\n\n\t<img decoding=\"async\" class=\"ms-thumb\" src=\"http:\/\/www.apucarana.pr.gov.br\/site\/wp-content\/uploads\/2021\/11\/CMEIs-EXPRESSAO-CORPORAL-5-1024x577-140x80.jpg\" alt=\"CMEIs-EXPRESSAO-CORPORAL-5\" \/>\n\t\t\t\t<\/div>\n\t\t\t<div  class=\"ms-slide\" data-delay=\"3\"    >\n\t\t\t\t\t<img decoding=\"async\" src=\"http:\/\/www.apucarana.pr.gov.br\/site\/wp-content\/plugins\/masterslider\/public\/assets\/css\/blank.gif\" alt=\"CMEIs-EXPRESSAO-CORPORAL-7\" title=\"CMEIs-EXPRESSAO-CORPORAL-7\" data-src=\"http:\/\/www.apucarana.pr.gov.br\/site\/wp-content\/uploads\/2021\/11\/CMEIs-EXPRESSAO-CORPORAL-7-1024x641.jpg\" \/>\n\t<a href=\"http:\/\/www.apucarana.pr.gov.br\/site\/wp-content\/uploads\/2021\/11\/CMEIs-EXPRESSAO-CORPORAL-7-1024x641.jpg\" target=\"_self\"    >CMEIs-EXPRESSAO-CORPORAL-7<\/a>\n\n\n\t<img decoding=\"async\" class=\"ms-thumb\" src=\"http:\/\/www.apucarana.pr.gov.br\/site\/wp-content\/uploads\/2021\/11\/CMEIs-EXPRESSAO-CORPORAL-7-1024x641-140x80.jpg\" alt=\"CMEIs-EXPRESSAO-CORPORAL-7\" \/>\n\t\t\t\t<\/div>\n\t\t\t<div  class=\"ms-slide\" data-delay=\"3\"    >\n\t\t\t\t\t<img decoding=\"async\" src=\"http:\/\/www.apucarana.pr.gov.br\/site\/wp-content\/plugins\/masterslider\/public\/assets\/css\/blank.gif\" alt=\"CMEIs-EXPRESSAO-CORPORAL-8\" title=\"CMEIs-EXPRESSAO-CORPORAL-8\" data-src=\"http:\/\/www.apucarana.pr.gov.br\/site\/wp-content\/uploads\/2021\/11\/CMEIs-EXPRESSAO-CORPORAL-8.jpg\" \/>\n\t<a href=\"http:\/\/www.apucarana.pr.gov.br\/site\/wp-content\/uploads\/2021\/11\/CMEIs-EXPRESSAO-CORPORAL-8.jpg\" target=\"_self\"    >CMEIs-EXPRESSAO-CORPORAL-8<\/a>\n\n\n\t<img decoding=\"async\" class=\"ms-thumb\" src=\"http:\/\/www.apucarana.pr.gov.br\/site\/wp-content\/uploads\/2021\/11\/CMEIs-EXPRESSAO-CORPORAL-8-140x80.jpg\" alt=\"CMEIs-EXPRESSAO-CORPORAL-8\" \/>\n\t\t\t\t<\/div>\n\t\t\t<div  class=\"ms-slide\" data-delay=\"3\"    >\n\t\t\t\t\t<img decoding=\"async\" src=\"http:\/\/www.apucarana.pr.gov.br\/site\/wp-content\/plugins\/masterslider\/public\/assets\/css\/blank.gif\" alt=\"CMEIs-EXPRESSAO-CORPORAL-9\" title=\"CMEIs-EXPRESSAO-CORPORAL-9\" data-src=\"http:\/\/www.apucarana.pr.gov.br\/site\/wp-content\/uploads\/2021\/11\/CMEIs-EXPRESSAO-CORPORAL-9-1024x633.jpg\" \/>\n\t<a href=\"http:\/\/www.apucarana.pr.gov.br\/site\/wp-content\/uploads\/2021\/11\/CMEIs-EXPRESSAO-CORPORAL-9-1024x633.jpg\" target=\"_self\"    >CMEIs-EXPRESSAO-CORPORAL-9<\/a>\n\n\n\t<img decoding=\"async\" class=\"ms-thumb\" src=\"http:\/\/www.apucarana.pr.gov.br\/site\/wp-content\/uploads\/2021\/11\/CMEIs-EXPRESSAO-CORPORAL-9-1024x633-140x80.jpg\" alt=\"CMEIs-EXPRESSAO-CORPORAL-9\" \/>\n\t\t\t\t<\/div>\n\n\t\t\t<\/div>\n\t\t\t<!-- END MasterSlider Main -->\n\n\t\t\t \n\t\t<\/div>\n\t\t<!-- END MasterSlider -->\n\n\t\t<script>\n\t\t( window.MSReady = window.MSReady || [] ).push( function( $ ) {\n\n\t\t\t\"use strict\";\n\t\t\tvar masterslider_8280 = new MasterSlider();\n\n\t\t\t\/\/ slider controls\n\t\t\tmasterslider_8280.control('arrows'     ,{ autohide:true, overVideo:true  });\n\t\t\tmasterslider_8280.control('thumblist'  ,{ autohide:false, overVideo:true, dir:'h', speed:17, inset:false, arrows:false, hover:false, customClass:'', align:'bottom',type:'thumbs', margin:2, width:140, height:80, space:2, fillMode:'fill'  });\n\t\t\t\/\/ slider setup\n\t\t\tmasterslider_8280.setup(\"MS69f53f17d8280\", {\n\t\t\t\twidth           : 960,\n\t\t\t\theight          : 540,\n\t\t\t\tminHeight       : 0,\n\t\t\t\tspace           : 0,\n\t\t\t\tstart           : 1,\n\t\t\t\tgrabCursor      : true,\n\t\t\t\tswipe           : true,\n\t\t\t\tmouse           : true,\n\t\t\t\tkeyboard        : false,\n\t\t\t\tlayout          : \"fillwidth\",\n\t\t\t\twheel           : false,\n\t\t\t\tautoplay        : true,\n                instantStartLayers:false,\n\t\t\t\tmobileBGVideo:false,\n\t\t\t\tloop            : true,\n\t\t\t\tshuffle         : false,\n\t\t\t\tpreload         : 3,\n\t\t\t\theightLimit     : false,\n\t\t\t\tautoHeight      : false,\n\t\t\t\tsmoothHeight    : true,\n\t\t\t\tendPause        : false,\n\t\t\t\toverPause       : false,\n\t\t\t\tfillMode        : \"fill\",\n\t\t\t\tcenterControls  : true,\n\t\t\t\tstartOnAppear   : false,\n\t\t\t\tlayersMode      : \"center\",\n\t\t\t\tautofillTarget  : \"\",\n\t\t\t\thideLayers      : false,\n\t\t\t\tfullscreenMargin: 0,\n\t\t\t\tspeed           : 17,\n\t\t\t\tdir             : \"h\",\n\t\t\t\tresponsive      : true,\n\t\t\t\ttabletWidth     : 768,\n\t\t\t\ttabletHeight    : null,\n\t\t\t\tphoneWidth      : 480,\n\t\t\t\tphoneHeight    : null,\n\t\t\t\tsizingReference : window,\n\t\t\t\tparallaxMode    : 'swipe',\n\t\t\t\tview            : \"basic\"\n\t\t\t});\n\n\t\t\t\n\t\t\twindow.masterslider_instances = window.masterslider_instances || [];\n\t\t\twindow.masterslider_instances.push( masterslider_8280 );\n\t\t});\n\t\t<\/script>\n\n\n<p>Com o objetivo de mostrar \u00e0 comunidade um pouco daquilo que os alunos aprenderam ao longo do ano letivo, a Autarquia Municipal de Educa\u00e7\u00e3o de Apucarana est\u00e1 promovendo nesta semana tr\u00eas espet\u00e1culos, de dan\u00e7a, m\u00fasica e artes marciais, que ser\u00e3o transmitidos por meio do seu canal na plataforma Youtube.<\/p>\n<p>A primeira apresenta\u00e7\u00e3o, de dan\u00e7a, na noite de ontem (23\/11), foi protagonizada por aproximadamente 350 crian\u00e7as, matriculadas nos 23 Centros Municipais de Educa\u00e7\u00e3o Infantil (CMEIs). O espet\u00e1culo baseou-se no tema A Caixa M\u00e1gica de Brinquedos.<\/p>\n<p>Segundo a secret\u00e1ria Marli Fernandes, a oficina de dan\u00e7a faz parte do curr\u00edculo da educa\u00e7\u00e3o integral, que \u00e9 ofertada em aproximadamente 90% das unidades de ensino da rede municipal de Apucarana. \u201cTanto os meninos como as meninas s\u00e3o contemplados com as aulas de express\u00e3o corporal, desde as turmas do Maternal at\u00e9 o 5\u00ba ano do Ensino Fundamental. Por meio dessas aulas, as crian\u00e7as desenvolvem compet\u00eancias importantes, como a autoimagem, a socializa\u00e7\u00e3o, a criatividade, a cogni\u00e7\u00e3o e a coordena\u00e7\u00e3o motora\u201d afirmou a secret\u00e1ria.<\/p>\n<p>O prefeito Junior da Femac congratulou os professores e alunos pelo espet\u00e1culo de ontem (23\/11). \u201cEu fiquei surpreso ao ver a desenvoltura das crian\u00e7as, que possuem em torno de tr\u00eas anos de idade, na frente das c\u00e2meras. Parab\u00e9ns a todos os envolvidos na organiza\u00e7\u00e3o dessa bel\u00edssima apresenta\u00e7\u00e3o. Eu agrade\u00e7o tamb\u00e9m \u00e0s fam\u00edlias que confiam seus filhos \u00e0 rede p\u00fablica municipal de ensino. Tenham certeza de que eu e minha equipe temos nos esfor\u00e7ado ao m\u00e1ximo para garantir a melhor forma\u00e7\u00e3o poss\u00edvel \u00e0s crian\u00e7as apucaranenses,\u201d disse.<\/p>\n<p>Para aqueles que n\u00e3o conseguiram assistir ao vivo, a grava\u00e7\u00e3o do espet\u00e1culo A Caixa M\u00e1gica de Brinquedos continua dispon\u00edvel no link: <a href=\"https:\/\/youtu.be\/t0D-q1SJ71Q\">https:\/\/youtu.be\/t0D-q1SJ71Q<\/a>.<\/p>\n<p>J\u00e1 nesta quarta-feira (24\/11), \u00e0s 19 horas, ser\u00e1 a vez dos alunos do 1\u00ba ao 5\u00ba ano mostrarem o que aprenderam nas aulas de karat\u00ea e kung fu, durante o Festival de Artes Marciais da rede municipal de Apucarana. E na quinta-feira (25\/11), no mesmo hor\u00e1rio, as crian\u00e7as dos CMEIs voltam aos palcos para mais uma apresenta\u00e7\u00e3o de m\u00fasica. Os dois eventos tamb\u00e9m ser\u00e3o transmitidos pelas redes sociais da Autarquia de Educa\u00e7\u00e3o.<\/p>\n","protected":false},"excerpt":{"rendered":"<p>Com o objetivo de mostrar &agrave; comunidade um pouco daquilo que os alunos aprenderam ao longo do ano letivo, a Autarquia Municipal de Educa&ccedil;&atilde;o de Apucarana est&aacute; promovendo nesta semana tr&ecirc;s espet&aacute;culos, de dan&ccedil;a, m&uacute;sica e artes marciais, que ser&atilde;o transmitidos por meio do seu canal na plataforma Youtube. A primeira apresenta&ccedil;&atilde;o, de dan&ccedil;a, na [&hellip;]<\/p>\n","protected":false},"author":4,"featured_media":53922,"comment_status":"closed","ping_status":"closed","sticky":false,"template":"","format":"standard","meta":{"footnotes":""},"categories":[24],"tags":[],"class_list":["post-53921","post","type-post","status-publish","format-standard","has-post-thumbnail","hentry","category-noticias"],"acf":[],"_links":{"self":[{"href":"http:\/\/www.apucarana.pr.gov.br\/site\/wp-json\/wp\/v2\/posts\/53921","targetHints":{"allow":["GET"]}}],"collection":[{"href":"http:\/\/www.apucarana.pr.gov.br\/site\/wp-json\/wp\/v2\/posts"}],"about":[{"href":"http:\/\/www.apucarana.pr.gov.br\/site\/wp-json\/wp\/v2\/types\/post"}],"author":[{"embeddable":true,"href":"http:\/\/www.apucarana.pr.gov.br\/site\/wp-json\/wp\/v2\/users\/4"}],"replies":[{"embeddable":true,"href":"http:\/\/www.apucarana.pr.gov.br\/site\/wp-json\/wp\/v2\/comments?post=53921"}],"version-history":[{"count":1,"href":"http:\/\/www.apucarana.pr.gov.br\/site\/wp-json\/wp\/v2\/posts\/53921\/revisions"}],"predecessor-version":[{"id":53928,"href":"http:\/\/www.apucarana.pr.gov.br\/site\/wp-json\/wp\/v2\/posts\/53921\/revisions\/53928"}],"wp:featuredmedia":[{"embeddable":true,"href":"http:\/\/www.apucarana.pr.gov.br\/site\/wp-json\/wp\/v2\/media\/53922"}],"wp:attachment":[{"href":"http:\/\/www.apucarana.pr.gov.br\/site\/wp-json\/wp\/v2\/media?parent=53921"}],"wp:term":[{"taxonomy":"category","embeddable":true,"href":"http:\/\/www.apucarana.pr.gov.br\/site\/wp-json\/wp\/v2\/categories?post=53921"},{"taxonomy":"post_tag","embeddable":true,"href":"http:\/\/www.apucarana.pr.gov.br\/site\/wp-json\/wp\/v2\/tags?post=53921"}],"curies":[{"name":"wp","href":"https:\/\/api.w.org\/{rel}","templated":true}]}}