{"id":53912,"date":"2021-11-24T11:21:41","date_gmt":"2021-11-24T14:21:41","guid":{"rendered":"http:\/\/www.apucarana.pr.gov.br\/site\/?p=53912"},"modified":"2024-10-08T09:24:31","modified_gmt":"2024-10-08T12:24:31","slug":"casa-do-mel-completa-sete-meses-de-incentivo-a-producao-local","status":"publish","type":"post","link":"http:\/\/www.apucarana.pr.gov.br\/site\/casa-do-mel-completa-sete-meses-de-incentivo-a-producao-local\/","title":{"rendered":"Casa do Mel completa sete meses de incentivo \u00e0 produ\u00e7\u00e3o local"},"content":{"rendered":"\n\t\t<!-- MasterSlider -->\n\t\t<div id=\"P_MS69f540022c34e\" class=\"master-slider-parent master-slider-gallery   ms-parent-id-0\" style=\"\" >\n\n\t\t\t\n\t\t\t<!-- MasterSlider Main -->\n\t\t\t<div id=\"MS69f540022c34e\" class=\"master-slider ms-skin-default\" >\n\t\t\t\t \t\t\t\t \n\t\t\t<div  class=\"ms-slide\" data-delay=\"3\"    >\n\t\t\t\t\t<img decoding=\"async\" src=\"http:\/\/www.apucarana.pr.gov.br\/site\/wp-content\/plugins\/masterslider\/public\/assets\/css\/blank.gif\" alt=\"1\" title=\"1\" data-src=\"http:\/\/www.apucarana.pr.gov.br\/site\/wp-content\/uploads\/2021\/11\/1-1024x503.jpg\" \/>\n\t<a href=\"http:\/\/www.apucarana.pr.gov.br\/site\/wp-content\/uploads\/2021\/11\/1-1024x503.jpg\" target=\"_self\"    >1<\/a>\n\n\n\t<img decoding=\"async\" class=\"ms-thumb\" src=\"http:\/\/www.apucarana.pr.gov.br\/site\/wp-content\/uploads\/2021\/11\/1-1024x503-140x80.jpg\" alt=\"1\" \/>\n\t\t\t\t<\/div>\n\t\t\t<div  class=\"ms-slide\" data-delay=\"3\"    >\n\t\t\t\t\t<img decoding=\"async\" src=\"http:\/\/www.apucarana.pr.gov.br\/site\/wp-content\/plugins\/masterslider\/public\/assets\/css\/blank.gif\" alt=\"2\" title=\"2\" data-src=\"http:\/\/www.apucarana.pr.gov.br\/site\/wp-content\/uploads\/2021\/11\/2-1024x579.jpg\" \/>\n\t<a href=\"http:\/\/www.apucarana.pr.gov.br\/site\/wp-content\/uploads\/2021\/11\/2-1024x579.jpg\" target=\"_self\"    >2<\/a>\n\n\n\t<img decoding=\"async\" class=\"ms-thumb\" src=\"http:\/\/www.apucarana.pr.gov.br\/site\/wp-content\/uploads\/2021\/11\/2-1024x579-140x80.jpg\" alt=\"2\" \/>\n\t\t\t\t<\/div>\n\t\t\t<div  class=\"ms-slide\" data-delay=\"3\"    >\n\t\t\t\t\t<img decoding=\"async\" src=\"http:\/\/www.apucarana.pr.gov.br\/site\/wp-content\/plugins\/masterslider\/public\/assets\/css\/blank.gif\" alt=\"3\" title=\"3\" data-src=\"http:\/\/www.apucarana.pr.gov.br\/site\/wp-content\/uploads\/2021\/11\/3-571x1024.jpg\" \/>\n\t<a href=\"http:\/\/www.apucarana.pr.gov.br\/site\/wp-content\/uploads\/2021\/11\/3-571x1024.jpg\" target=\"_self\"    >3<\/a>\n\n\n\t<img decoding=\"async\" class=\"ms-thumb\" src=\"http:\/\/www.apucarana.pr.gov.br\/site\/wp-content\/uploads\/2021\/11\/3-571x1024-140x80.jpg\" alt=\"3\" \/>\n\t\t\t\t<\/div>\n\t\t\t<div  class=\"ms-slide\" data-delay=\"3\"    >\n\t\t\t\t\t<img decoding=\"async\" src=\"http:\/\/www.apucarana.pr.gov.br\/site\/wp-content\/plugins\/masterslider\/public\/assets\/css\/blank.gif\" alt=\"4\" title=\"4\" data-src=\"http:\/\/www.apucarana.pr.gov.br\/site\/wp-content\/uploads\/2021\/11\/4-1024x683.jpg\" \/>\n\t<a href=\"http:\/\/www.apucarana.pr.gov.br\/site\/wp-content\/uploads\/2021\/11\/4-1024x683.jpg\" target=\"_self\"    >4<\/a>\n\n\n\t<img decoding=\"async\" class=\"ms-thumb\" src=\"http:\/\/www.apucarana.pr.gov.br\/site\/wp-content\/uploads\/2021\/11\/4-1024x683-140x80.jpg\" alt=\"4\" \/>\n\t\t\t\t<\/div>\n\t\t\t<div  class=\"ms-slide\" data-delay=\"3\"    >\n\t\t\t\t\t<img decoding=\"async\" src=\"http:\/\/www.apucarana.pr.gov.br\/site\/wp-content\/plugins\/masterslider\/public\/assets\/css\/blank.gif\" alt=\"5\" title=\"5\" data-src=\"http:\/\/www.apucarana.pr.gov.br\/site\/wp-content\/uploads\/2021\/11\/5-1-1024x524.jpg\" \/>\n\t<a href=\"http:\/\/www.apucarana.pr.gov.br\/site\/wp-content\/uploads\/2021\/11\/5-1-1024x524.jpg\" target=\"_self\"    >5<\/a>\n\n\n\t<img decoding=\"async\" class=\"ms-thumb\" src=\"http:\/\/www.apucarana.pr.gov.br\/site\/wp-content\/uploads\/2021\/11\/5-1-1024x524-140x80.jpg\" alt=\"5\" \/>\n\t\t\t\t<\/div>\n\t\t\t<div  class=\"ms-slide\" data-delay=\"3\"    >\n\t\t\t\t\t<img decoding=\"async\" src=\"http:\/\/www.apucarana.pr.gov.br\/site\/wp-content\/plugins\/masterslider\/public\/assets\/css\/blank.gif\" alt=\"6\" title=\"6\" data-src=\"http:\/\/www.apucarana.pr.gov.br\/site\/wp-content\/uploads\/2021\/11\/6-1-1024x767.jpg\" \/>\n\t<a href=\"http:\/\/www.apucarana.pr.gov.br\/site\/wp-content\/uploads\/2021\/11\/6-1-1024x767.jpg\" target=\"_self\"    >6<\/a>\n\n\n\t<img decoding=\"async\" class=\"ms-thumb\" src=\"http:\/\/www.apucarana.pr.gov.br\/site\/wp-content\/uploads\/2021\/11\/6-1-1024x767-140x80.jpg\" alt=\"6\" \/>\n\t\t\t\t<\/div>\n\t\t\t<div  class=\"ms-slide\" data-delay=\"3\"    >\n\t\t\t\t\t<img decoding=\"async\" src=\"http:\/\/www.apucarana.pr.gov.br\/site\/wp-content\/plugins\/masterslider\/public\/assets\/css\/blank.gif\" alt=\"WhatsApp-Image-2021-11-24-at-8.39.39-AM\" title=\"WhatsApp-Image-2021-11-24-at-8.39.39-AM\" data-src=\"http:\/\/www.apucarana.pr.gov.br\/site\/wp-content\/uploads\/2021\/11\/WhatsApp-Image-2021-11-24-at-8.39.39-AM-1024x736.jpg\" \/>\n\t<a href=\"http:\/\/www.apucarana.pr.gov.br\/site\/wp-content\/uploads\/2021\/11\/WhatsApp-Image-2021-11-24-at-8.39.39-AM-1024x736.jpg\" target=\"_self\"    >WhatsApp-Image-2021-11-24-at-8.39.39-AM<\/a>\n\n\n\t<img decoding=\"async\" class=\"ms-thumb\" src=\"http:\/\/www.apucarana.pr.gov.br\/site\/wp-content\/uploads\/2021\/11\/WhatsApp-Image-2021-11-24-at-8.39.39-AM-1024x736-140x80.jpg\" alt=\"WhatsApp-Image-2021-11-24-at-8.39.39-AM\" \/>\n\t\t\t\t<\/div>\n\n\t\t\t<\/div>\n\t\t\t<!-- END MasterSlider Main -->\n\n\t\t\t \n\t\t<\/div>\n\t\t<!-- END MasterSlider -->\n\n\t\t<script>\n\t\t( window.MSReady = window.MSReady || [] ).push( function( $ ) {\n\n\t\t\t\"use strict\";\n\t\t\tvar masterslider_c34e = new MasterSlider();\n\n\t\t\t\/\/ slider controls\n\t\t\tmasterslider_c34e.control('arrows'     ,{ autohide:true, overVideo:true  });\n\t\t\tmasterslider_c34e.control('thumblist'  ,{ autohide:false, overVideo:true, dir:'h', speed:17, inset:false, arrows:false, hover:false, customClass:'', align:'bottom',type:'thumbs', margin:2, width:140, height:80, space:2, fillMode:'fill'  });\n\t\t\t\/\/ slider setup\n\t\t\tmasterslider_c34e.setup(\"MS69f540022c34e\", {\n\t\t\t\twidth           : 960,\n\t\t\t\theight          : 540,\n\t\t\t\tminHeight       : 0,\n\t\t\t\tspace           : 0,\n\t\t\t\tstart           : 1,\n\t\t\t\tgrabCursor      : true,\n\t\t\t\tswipe           : true,\n\t\t\t\tmouse           : true,\n\t\t\t\tkeyboard        : false,\n\t\t\t\tlayout          : \"fillwidth\",\n\t\t\t\twheel           : false,\n\t\t\t\tautoplay        : true,\n                instantStartLayers:false,\n\t\t\t\tmobileBGVideo:false,\n\t\t\t\tloop            : true,\n\t\t\t\tshuffle         : false,\n\t\t\t\tpreload         : 3,\n\t\t\t\theightLimit     : false,\n\t\t\t\tautoHeight      : false,\n\t\t\t\tsmoothHeight    : true,\n\t\t\t\tendPause        : false,\n\t\t\t\toverPause       : false,\n\t\t\t\tfillMode        : \"fill\",\n\t\t\t\tcenterControls  : true,\n\t\t\t\tstartOnAppear   : false,\n\t\t\t\tlayersMode      : \"center\",\n\t\t\t\tautofillTarget  : \"\",\n\t\t\t\thideLayers      : false,\n\t\t\t\tfullscreenMargin: 0,\n\t\t\t\tspeed           : 17,\n\t\t\t\tdir             : \"h\",\n\t\t\t\tresponsive      : true,\n\t\t\t\ttabletWidth     : 768,\n\t\t\t\ttabletHeight    : null,\n\t\t\t\tphoneWidth      : 480,\n\t\t\t\tphoneHeight    : null,\n\t\t\t\tsizingReference : window,\n\t\t\t\tparallaxMode    : 'swipe',\n\t\t\t\tview            : \"basic\"\n\t\t\t});\n\n\t\t\t\n\t\t\twindow.masterslider_instances = window.masterslider_instances || [];\n\t\t\twindow.masterslider_instances.push( masterslider_c34e );\n\t\t});\n\t\t<\/script>\n\n\n<p>Inaugurada em abril, a Casa do Mel completa sete meses de funcionamento recebendo produtores locais, oferecendo mel genu\u00edno e de qualidade do munic\u00edpio e da regi\u00e3o, com pre\u00e7os justos, em uma cadeia de produ\u00e7\u00e3o e comercializa\u00e7\u00e3o socialmente respons\u00e1vel. O mel tem certificado de proced\u00eancia e selo do SIM (Servi\u00e7o de Inspe\u00e7\u00e3o Municipal), garantindo a pureza e o seguimento de normas de seguran\u00e7a sanit\u00e1ria. O entreposto \u00e9 uma parceria entre as secretarias municipais da Mulher e da Assist\u00eancia Social, por meio do Programa de Economia Solid\u00e1ria.<\/p>\n<p>A Casa do Mel vende o produto das abelhas com ferr\u00e3o (Europa e Africana) e das esp\u00e9cies sem ferr\u00e3o (Jata\u00ed e Bor\u00e1), tamb\u00e9m oferecendo casas e iscas para os insetos. O entreposto comercializa p\u00e3es de mel, panos de cera e sacolas de tecidos e, \u00e0s quartas-feiras, hortifrutis da horta solid\u00e1ria do Espa\u00e7o Empreender, frescas e sem pesticidas.<\/p>\n<p>Segundo o IBGE, o Paran\u00e1 colhe 7.8 toneladas de mel por ano e \u00e9 o maior produtor do Brasil. Para chegar a esse n\u00famero, a produ\u00e7\u00e3o cresceu 184% nos \u00faltimos 20 anos. Em 1999, o Estado era o \u00faltimo colocado na Regi\u00e3o Sul, atr\u00e1s de Santa Catarina e Rio Grande do Sul. O prefeito Junior da Femac enfatiza a import\u00e2ncia da produ\u00e7\u00e3o local. \u201cN\u00f3s somos um dos maiores produtores do Estado e o Paran\u00e1, por sua vez, \u00e9 o maior produtor do Brasil. A Casa do Mel ajuda os meliponicultores locais a envazarem o produto e a certificarem tamb\u00e9m. O entreposto vende um produto pur\u00edssimo e de acordo com todas as normas\u201d, afirmou.<\/p>\n<p>Pesquisas mostram que as abelhas s\u00e3o os mais eficientes polinizadores da natureza, respons\u00e1veis pela reprodu\u00e7\u00e3o e perpetua\u00e7\u00e3o de milhares de esp\u00e9cies vegetais, ajudando na preserva\u00e7\u00e3o do meio ambiente e mantendo o equil\u00edbrio dos ecossistemas.<\/p>\n<p>Para a secret\u00e1ria da Mulher Denise Canesin, a Casa do Mel estimula a atividade econ\u00f4mica no munic\u00edpio. \u201cAl\u00e9m da import\u00e2ncia da meliponicultura na preserva\u00e7\u00e3o da natureza, ela tamb\u00e9m gera oportunidade de trabalho e renda em toda a cadeia de produ\u00e7\u00e3o e comercializa\u00e7\u00e3o, ajudando o produtor a agregar valor ao mel\u201d, ressaltou.<\/p>\n<p><strong>Servi\u00e7o<\/strong><\/p>\n<p>Casa do Mel: Avenida Avia\u00e7\u00e3o, 1525<\/p>\n<p>Celular (43) 99967 0446<\/p>\n<p>Hor\u00e1rio de funcionamento: de 2\u00aa a 6\u00aa das 8h \u00e0s 17h<\/p>\n","protected":false},"excerpt":{"rendered":"<p>Inaugurada em abril, a Casa do Mel completa sete meses de funcionamento recebendo produtores locais, oferecendo mel genu&iacute;no e de qualidade do munic&iacute;pio e da regi&atilde;o, com pre&ccedil;os justos, em uma cadeia de produ&ccedil;&atilde;o e comercializa&ccedil;&atilde;o socialmente respons&aacute;vel. O mel tem certificado de proced&ecirc;ncia e selo do SIM (Servi&ccedil;o de Inspe&ccedil;&atilde;o Municipal), garantindo a pureza [&hellip;]<\/p>\n","protected":false},"author":4,"featured_media":53918,"comment_status":"closed","ping_status":"closed","sticky":false,"template":"","format":"standard","meta":{"footnotes":""},"categories":[24],"tags":[],"class_list":["post-53912","post","type-post","status-publish","format-standard","has-post-thumbnail","hentry","category-noticias"],"acf":[],"_links":{"self":[{"href":"http:\/\/www.apucarana.pr.gov.br\/site\/wp-json\/wp\/v2\/posts\/53912","targetHints":{"allow":["GET"]}}],"collection":[{"href":"http:\/\/www.apucarana.pr.gov.br\/site\/wp-json\/wp\/v2\/posts"}],"about":[{"href":"http:\/\/www.apucarana.pr.gov.br\/site\/wp-json\/wp\/v2\/types\/post"}],"author":[{"embeddable":true,"href":"http:\/\/www.apucarana.pr.gov.br\/site\/wp-json\/wp\/v2\/users\/4"}],"replies":[{"embeddable":true,"href":"http:\/\/www.apucarana.pr.gov.br\/site\/wp-json\/wp\/v2\/comments?post=53912"}],"version-history":[{"count":1,"href":"http:\/\/www.apucarana.pr.gov.br\/site\/wp-json\/wp\/v2\/posts\/53912\/revisions"}],"predecessor-version":[{"id":53920,"href":"http:\/\/www.apucarana.pr.gov.br\/site\/wp-json\/wp\/v2\/posts\/53912\/revisions\/53920"}],"wp:featuredmedia":[{"embeddable":true,"href":"http:\/\/www.apucarana.pr.gov.br\/site\/wp-json\/wp\/v2\/media\/53918"}],"wp:attachment":[{"href":"http:\/\/www.apucarana.pr.gov.br\/site\/wp-json\/wp\/v2\/media?parent=53912"}],"wp:term":[{"taxonomy":"category","embeddable":true,"href":"http:\/\/www.apucarana.pr.gov.br\/site\/wp-json\/wp\/v2\/categories?post=53912"},{"taxonomy":"post_tag","embeddable":true,"href":"http:\/\/www.apucarana.pr.gov.br\/site\/wp-json\/wp\/v2\/tags?post=53912"}],"curies":[{"name":"wp","href":"https:\/\/api.w.org\/{rel}","templated":true}]}}