{"id":53903,"date":"2021-11-24T12:31:21","date_gmt":"2021-11-24T15:31:21","guid":{"rendered":"http:\/\/www.apucarana.pr.gov.br\/site\/?p=53903"},"modified":"2024-10-08T09:24:31","modified_gmt":"2024-10-08T12:24:31","slug":"maratona-tecnologica-vai-criar-solucoes-para-o-monitoramento-da-agua","status":"publish","type":"post","link":"http:\/\/www.apucarana.pr.gov.br\/site\/maratona-tecnologica-vai-criar-solucoes-para-o-monitoramento-da-agua\/","title":{"rendered":"Maratona tecnol\u00f3gica vai criar solu\u00e7\u00f5es para o monitoramento da \u00e1gua"},"content":{"rendered":"\n\t\t<!-- MasterSlider -->\n\t\t<div id=\"P_MS69f53f6a97688\" class=\"master-slider-parent master-slider-gallery   ms-parent-id-0\" style=\"\" >\n\n\t\t\t\n\t\t\t<!-- MasterSlider Main -->\n\t\t\t<div id=\"MS69f53f6a97688\" class=\"master-slider ms-skin-default\" >\n\t\t\t\t \t\t\t\t \n\t\t\t<div  class=\"ms-slide\" data-delay=\"3\"    >\n\t\t\t\t\t<img decoding=\"async\" src=\"http:\/\/www.apucarana.pr.gov.br\/site\/wp-content\/plugins\/masterslider\/public\/assets\/css\/blank.gif\" alt=\"IMG_2060-scaled\" title=\"IMG_2060-scaled\" data-src=\"http:\/\/www.apucarana.pr.gov.br\/site\/wp-content\/uploads\/2021\/11\/IMG_2060-scaled-1-1024x683.jpg\" \/>\n\t<a href=\"http:\/\/www.apucarana.pr.gov.br\/site\/wp-content\/uploads\/2021\/11\/IMG_2060-scaled-1-1024x683.jpg\" target=\"_self\"    >IMG_2060-scaled<\/a>\n\n\n\t<img decoding=\"async\" class=\"ms-thumb\" src=\"http:\/\/www.apucarana.pr.gov.br\/site\/wp-content\/uploads\/2021\/11\/IMG_2060-scaled-1-1024x683-140x80.jpg\" alt=\"IMG_2060-scaled\" \/>\n\t\t\t\t<\/div>\n\t\t\t<div  class=\"ms-slide\" data-delay=\"3\"    >\n\t\t\t\t\t<img decoding=\"async\" src=\"http:\/\/www.apucarana.pr.gov.br\/site\/wp-content\/plugins\/masterslider\/public\/assets\/css\/blank.gif\" alt=\"JABOTIEDSON-DENOBI-6-scaled\" title=\"JABOTIEDSON-DENOBI-6-scaled\" data-src=\"http:\/\/www.apucarana.pr.gov.br\/site\/wp-content\/uploads\/2021\/11\/JABOTIEDSON-DENOBI-6-scaled-1-1024x683.jpg\" \/>\n\t<a href=\"http:\/\/www.apucarana.pr.gov.br\/site\/wp-content\/uploads\/2021\/11\/JABOTIEDSON-DENOBI-6-scaled-1-1024x683.jpg\" target=\"_self\"    >JABOTIEDSON-DENOBI-6-scaled<\/a>\n\n\n\t<img decoding=\"async\" class=\"ms-thumb\" src=\"http:\/\/www.apucarana.pr.gov.br\/site\/wp-content\/uploads\/2021\/11\/JABOTIEDSON-DENOBI-6-scaled-1-1024x683-140x80.jpg\" alt=\"JABOTIEDSON-DENOBI-6-scaled\" \/>\n\t\t\t\t<\/div>\n\t\t\t<div  class=\"ms-slide\" data-delay=\"3\"    >\n\t\t\t\t\t<img decoding=\"async\" src=\"http:\/\/www.apucarana.pr.gov.br\/site\/wp-content\/plugins\/masterslider\/public\/assets\/css\/blank.gif\" alt=\"MG_5345-scaled\" title=\"MG_5345-scaled\" data-src=\"http:\/\/www.apucarana.pr.gov.br\/site\/wp-content\/uploads\/2021\/11\/MG_5345-scaled-1-1024x650.jpg\" \/>\n\t<a href=\"http:\/\/www.apucarana.pr.gov.br\/site\/wp-content\/uploads\/2021\/11\/MG_5345-scaled-1-1024x650.jpg\" target=\"_self\"    >MG_5345-scaled<\/a>\n\n\n\t<img decoding=\"async\" class=\"ms-thumb\" src=\"http:\/\/www.apucarana.pr.gov.br\/site\/wp-content\/uploads\/2021\/11\/MG_5345-scaled-1-1024x650-140x80.jpg\" alt=\"MG_5345-scaled\" \/>\n\t\t\t\t<\/div>\n\t\t\t<div  class=\"ms-slide\" data-delay=\"3\"    >\n\t\t\t\t\t<img decoding=\"async\" src=\"http:\/\/www.apucarana.pr.gov.br\/site\/wp-content\/plugins\/masterslider\/public\/assets\/css\/blank.gif\" alt=\"P.Q-DA-RAPOSAEDSON-DENOBI001-scaled\" title=\"P.Q-DA-RAPOSAEDSON-DENOBI001-scaled\" data-src=\"http:\/\/www.apucarana.pr.gov.br\/site\/wp-content\/uploads\/2021\/11\/P.Q-DA-RAPOSAEDSON-DENOBI001-scaled-1-1024x635.jpg\" \/>\n\t<a href=\"http:\/\/www.apucarana.pr.gov.br\/site\/wp-content\/uploads\/2021\/11\/P.Q-DA-RAPOSAEDSON-DENOBI001-scaled-1-1024x635.jpg\" target=\"_self\"    >P.Q-DA-RAPOSAEDSON-DENOBI001-scaled<\/a>\n\n\n\t<img decoding=\"async\" class=\"ms-thumb\" src=\"http:\/\/www.apucarana.pr.gov.br\/site\/wp-content\/uploads\/2021\/11\/P.Q-DA-RAPOSAEDSON-DENOBI001-scaled-1-1024x635-140x80.jpg\" alt=\"P.Q-DA-RAPOSAEDSON-DENOBI001-scaled\" \/>\n\t\t\t\t<\/div>\n\t\t\t<div  class=\"ms-slide\" data-delay=\"3\"    >\n\t\t\t\t\t<img decoding=\"async\" src=\"http:\/\/www.apucarana.pr.gov.br\/site\/wp-content\/plugins\/masterslider\/public\/assets\/css\/blank.gif\" alt=\"P.Q-DA-RAPOSAEDSON-DENOBI-scaled\" title=\"P.Q-DA-RAPOSAEDSON-DENOBI-scaled\" data-src=\"http:\/\/www.apucarana.pr.gov.br\/site\/wp-content\/uploads\/2021\/11\/P.Q-DA-RAPOSAEDSON-DENOBI-scaled-1-1024x681.jpg\" \/>\n\t<a href=\"http:\/\/www.apucarana.pr.gov.br\/site\/wp-content\/uploads\/2021\/11\/P.Q-DA-RAPOSAEDSON-DENOBI-scaled-1-1024x681.jpg\" target=\"_self\"    >P.Q-DA-RAPOSAEDSON-DENOBI-scaled<\/a>\n\n\n\t<img decoding=\"async\" class=\"ms-thumb\" src=\"http:\/\/www.apucarana.pr.gov.br\/site\/wp-content\/uploads\/2021\/11\/P.Q-DA-RAPOSAEDSON-DENOBI-scaled-1-1024x681-140x80.jpg\" alt=\"P.Q-DA-RAPOSAEDSON-DENOBI-scaled\" \/>\n\t\t\t\t<\/div>\n\t\t\t<div  class=\"ms-slide\" data-delay=\"3\"    >\n\t\t\t\t\t<img decoding=\"async\" src=\"http:\/\/www.apucarana.pr.gov.br\/site\/wp-content\/plugins\/masterslider\/public\/assets\/css\/blank.gif\" alt=\"WhatsApp-Image-2021-11-24-at-11.28.49\" title=\"WhatsApp-Image-2021-11-24-at-11.28.49\" data-src=\"http:\/\/www.apucarana.pr.gov.br\/site\/wp-content\/uploads\/2021\/11\/WhatsApp-Image-2021-11-24-at-11.28.49.jpeg\" \/>\n\t<a href=\"http:\/\/www.apucarana.pr.gov.br\/site\/wp-content\/uploads\/2021\/11\/WhatsApp-Image-2021-11-24-at-11.28.49.jpeg\" target=\"_self\"    >WhatsApp-Image-2021-11-24-at-11.28.49<\/a>\n\n\n\t<img decoding=\"async\" class=\"ms-thumb\" src=\"http:\/\/www.apucarana.pr.gov.br\/site\/wp-content\/uploads\/2021\/11\/WhatsApp-Image-2021-11-24-at-11.28.49-140x80.jpeg\" alt=\"WhatsApp-Image-2021-11-24-at-11.28.49\" \/>\n\t\t\t\t<\/div>\n\t\t\t<div  class=\"ms-slide\" data-delay=\"3\"    >\n\t\t\t\t\t<img decoding=\"async\" src=\"http:\/\/www.apucarana.pr.gov.br\/site\/wp-content\/plugins\/masterslider\/public\/assets\/css\/blank.gif\" alt=\"WhatsApp-Image-2021-11-24-at-11.28.49-1\" title=\"WhatsApp-Image-2021-11-24-at-11.28.49-1\" data-src=\"http:\/\/www.apucarana.pr.gov.br\/site\/wp-content\/uploads\/2021\/11\/WhatsApp-Image-2021-11-24-at-11.28.49-1.jpeg\" \/>\n\t<a href=\"http:\/\/www.apucarana.pr.gov.br\/site\/wp-content\/uploads\/2021\/11\/WhatsApp-Image-2021-11-24-at-11.28.49-1.jpeg\" target=\"_self\"    >WhatsApp-Image-2021-11-24-at-11.28.49-1<\/a>\n\n\n\t<img decoding=\"async\" class=\"ms-thumb\" src=\"http:\/\/www.apucarana.pr.gov.br\/site\/wp-content\/uploads\/2021\/11\/WhatsApp-Image-2021-11-24-at-11.28.49-1-140x80.jpeg\" alt=\"WhatsApp-Image-2021-11-24-at-11.28.49-1\" \/>\n\t\t\t\t<\/div>\n\n\t\t\t<\/div>\n\t\t\t<!-- END MasterSlider Main -->\n\n\t\t\t \n\t\t<\/div>\n\t\t<!-- END MasterSlider -->\n\n\t\t<script>\n\t\t( window.MSReady = window.MSReady || [] ).push( function( $ ) {\n\n\t\t\t\"use strict\";\n\t\t\tvar masterslider_7688 = new MasterSlider();\n\n\t\t\t\/\/ slider controls\n\t\t\tmasterslider_7688.control('arrows'     ,{ autohide:true, overVideo:true  });\n\t\t\tmasterslider_7688.control('thumblist'  ,{ autohide:false, overVideo:true, dir:'h', speed:17, inset:false, arrows:false, hover:false, customClass:'', align:'bottom',type:'thumbs', margin:2, width:140, height:80, space:2, fillMode:'fill'  });\n\t\t\t\/\/ slider setup\n\t\t\tmasterslider_7688.setup(\"MS69f53f6a97688\", {\n\t\t\t\twidth           : 960,\n\t\t\t\theight          : 540,\n\t\t\t\tminHeight       : 0,\n\t\t\t\tspace           : 0,\n\t\t\t\tstart           : 1,\n\t\t\t\tgrabCursor      : true,\n\t\t\t\tswipe           : true,\n\t\t\t\tmouse           : true,\n\t\t\t\tkeyboard        : false,\n\t\t\t\tlayout          : \"fillwidth\",\n\t\t\t\twheel           : false,\n\t\t\t\tautoplay        : true,\n                instantStartLayers:false,\n\t\t\t\tmobileBGVideo:false,\n\t\t\t\tloop            : true,\n\t\t\t\tshuffle         : false,\n\t\t\t\tpreload         : 3,\n\t\t\t\theightLimit     : false,\n\t\t\t\tautoHeight      : false,\n\t\t\t\tsmoothHeight    : true,\n\t\t\t\tendPause        : false,\n\t\t\t\toverPause       : false,\n\t\t\t\tfillMode        : \"fill\",\n\t\t\t\tcenterControls  : true,\n\t\t\t\tstartOnAppear   : false,\n\t\t\t\tlayersMode      : \"center\",\n\t\t\t\tautofillTarget  : \"\",\n\t\t\t\thideLayers      : false,\n\t\t\t\tfullscreenMargin: 0,\n\t\t\t\tspeed           : 17,\n\t\t\t\tdir             : \"h\",\n\t\t\t\tresponsive      : true,\n\t\t\t\ttabletWidth     : 768,\n\t\t\t\ttabletHeight    : null,\n\t\t\t\tphoneWidth      : 480,\n\t\t\t\tphoneHeight    : null,\n\t\t\t\tsizingReference : window,\n\t\t\t\tparallaxMode    : 'swipe',\n\t\t\t\tview            : \"basic\"\n\t\t\t});\n\n\t\t\t\n\t\t\twindow.masterslider_instances = window.masterslider_instances || [];\n\t\t\twindow.masterslider_instances.push( masterslider_7688 );\n\t\t});\n\t\t<\/script>\n\n\n<p>Uma maratona tecnol\u00f3gica, chamada de Hackathon Apucarana Smart Meio Ambiente, vai criar solu\u00e7\u00f5es para o monitoramento e qualidade da \u00e1gua em nascentes e lagos. O evento, realizado no formato online, ser\u00e1 um concurso entre equipes e acontecer\u00e1 neste final de semana (26, 27 e 28 de novembro). A iniciativa distribuir\u00e1 R$ 10 mil em pr\u00eamios, que ser\u00e3o divididos entre as tr\u00eas equipes vencedoras.<\/p>\n<p>O hackathon \u00e9 uma promo\u00e7\u00e3o da Prefeitura de Apucarana, atrav\u00e9s da Secretaria Municipal de Meio Ambiente, em parceria com o Sebrae, Conecta Apucarana e Secretaria Municipal de Assist\u00eancia Social. As inscri\u00e7\u00f5es para o concurso ainda est\u00e3o abertas e podem ser feitas at\u00e9 as 12 horas desta sexta-feira (26\/11).<\/p>\n<p>De acordo com Gentil Pereira, secret\u00e1rio municipal de Meio Ambiente, as inscri\u00e7\u00f5es devem ser feitas em equipes de no m\u00ednimo 3 e no m\u00e1ximo 5 pessoas. \u201cPodem participar pessoas f\u00edsicas ou jur\u00eddicas que detenham conhecimento ou experi\u00eancia em \u00e1reas como tecnologia da informa\u00e7\u00e3o e comunica\u00e7\u00e3o, engenharias, desenvolvimento, design e neg\u00f3cios\u201d, informa Pereira, acrescentando que as inscri\u00e7\u00f5es est\u00e3o dispon\u00edveis pelos sites <a href=\"http:\/\/www.conectaapucarana.com.br\">www.conectaapucarana.com.br<\/a> e <a href=\"http:\/\/www.apucarana.pr.gov.br\">www.apucarana.pr.gov.br<\/a>.<\/p>\n<p>O secret\u00e1rio lembra que a ideia da maratona tecnol\u00f3gica, tendo como tema o monitoramento das \u00e1guas, foi apresentada pelo prefeito Junior da Femac e acatado pelos demais parceiros. \u201cSer\u00e1 desenvolvida uma ferramenta que ir\u00e1 nos auxiliar no monitoramento da qualidade das nossas nascentes, bacias hidrogr\u00e1ficas e dos nossos lagos. A Secretaria de Meio Ambiente j\u00e1 faz um acompanhamento com a coleta quinzenal de amostras e a ferramenta tecnol\u00f3gica que for desenvolvida vai agregar muito ao trabalho desenvolvido\u201d, pontua Gentil Pereira.<\/p>\n<p>Conforme Tiago Ribeiro, coordenador do Conecta Apucarana, o hackathon \u00e9 uma maratona que re\u00fane programadores, desenvolvedores e inventores. \u201cO objetivo \u00e9 criar projetos e solu\u00e7\u00f5es que transformem informa\u00e7\u00f5es de interesse p\u00fablico em solu\u00e7\u00f5es digitais, acess\u00edveis a todos os cidad\u00e3os\u201d, frisa Ribeiro.<\/p>\n<p>A maratona tecnol\u00f3gica ser\u00e1 realizada integralmente de forma remota, pela plataforma Zoom e pelo youtube, e os participantes ter\u00e3o 40 horas para desenvolver as solu\u00e7\u00f5es. \u201cO desafio ser\u00e1 lan\u00e7ado \u00e0s 20 horas de sexta-feira e as solu\u00e7\u00f5es propostas dever\u00e3o estar prontas at\u00e9 as 13 horas do domingo, quando cada equipe ter\u00e1 5 minutos para apresentar o projeto ou prot\u00f3tipo final\u201d, explica o coordenador do Conecta, lembrando que cada equipe dever\u00e1 dispor de equipamentos pr\u00f3prios para o desenvolvimento das solu\u00e7\u00f5es, como laptop e tablet.<\/p>\n<p>Entre os crit\u00e9rios que ser\u00e3o levados em considera\u00e7\u00e3o pela comiss\u00e3o julgadora est\u00e3o usabilidade, viabilidade e execu\u00e7\u00e3o. O concurso vai distribuir, ao todo, R$ 10 mil em pr\u00eamios, sendo R$ 5 mil para o primeiro lugar, R$ 3 mil para o segundo lugar e R$ 2 mil para o terceiro lugar.<\/p>\n","protected":false},"excerpt":{"rendered":"<p>Uma maratona tecnol&oacute;gica, chamada de Hackathon Apucarana Smart Meio Ambiente, vai criar solu&ccedil;&otilde;es para o monitoramento e qualidade da &aacute;gua em nascentes e lagos. O evento, realizado no formato online, ser&aacute; um concurso entre equipes e acontecer&aacute; neste final de semana (26, 27 e 28 de novembro). A iniciativa distribuir&aacute; R$ 10 mil em pr&ecirc;mios, [&hellip;]<\/p>\n","protected":false},"author":4,"featured_media":53908,"comment_status":"closed","ping_status":"closed","sticky":false,"template":"","format":"standard","meta":{"footnotes":""},"categories":[24],"tags":[],"class_list":["post-53903","post","type-post","status-publish","format-standard","has-post-thumbnail","hentry","category-noticias"],"acf":[],"_links":{"self":[{"href":"http:\/\/www.apucarana.pr.gov.br\/site\/wp-json\/wp\/v2\/posts\/53903","targetHints":{"allow":["GET"]}}],"collection":[{"href":"http:\/\/www.apucarana.pr.gov.br\/site\/wp-json\/wp\/v2\/posts"}],"about":[{"href":"http:\/\/www.apucarana.pr.gov.br\/site\/wp-json\/wp\/v2\/types\/post"}],"author":[{"embeddable":true,"href":"http:\/\/www.apucarana.pr.gov.br\/site\/wp-json\/wp\/v2\/users\/4"}],"replies":[{"embeddable":true,"href":"http:\/\/www.apucarana.pr.gov.br\/site\/wp-json\/wp\/v2\/comments?post=53903"}],"version-history":[{"count":1,"href":"http:\/\/www.apucarana.pr.gov.br\/site\/wp-json\/wp\/v2\/posts\/53903\/revisions"}],"predecessor-version":[{"id":53911,"href":"http:\/\/www.apucarana.pr.gov.br\/site\/wp-json\/wp\/v2\/posts\/53903\/revisions\/53911"}],"wp:featuredmedia":[{"embeddable":true,"href":"http:\/\/www.apucarana.pr.gov.br\/site\/wp-json\/wp\/v2\/media\/53908"}],"wp:attachment":[{"href":"http:\/\/www.apucarana.pr.gov.br\/site\/wp-json\/wp\/v2\/media?parent=53903"}],"wp:term":[{"taxonomy":"category","embeddable":true,"href":"http:\/\/www.apucarana.pr.gov.br\/site\/wp-json\/wp\/v2\/categories?post=53903"},{"taxonomy":"post_tag","embeddable":true,"href":"http:\/\/www.apucarana.pr.gov.br\/site\/wp-json\/wp\/v2\/tags?post=53903"}],"curies":[{"name":"wp","href":"https:\/\/api.w.org\/{rel}","templated":true}]}}