{"id":537,"date":"2013-01-11T13:32:00","date_gmt":"2013-01-11T13:32:00","guid":{"rendered":"http:\/\/172.16.0.7\/site-antigo\/?p=537"},"modified":"2024-10-08T09:05:43","modified_gmt":"2024-10-08T12:05:43","slug":"prefeito-participa-de-reuniao-do-cismel","status":"publish","type":"post","link":"http:\/\/www.apucarana.pr.gov.br\/site\/prefeito-participa-de-reuniao-do-cismel\/","title":{"rendered":"Prefeito participa de reuni\u00e3o do Cismel"},"content":{"rendered":"<div class=\"left\">\n<figure><img decoding=\"async\" style=\"\" src=\"http:\/\/cdn.apucarana.pr.gov.br\/320x215\/original\/2013\/03\/20\/cr-dito-prefeitura-de-camb-1.JPG\" width=\"320\"><figcaption class=\"caption\">Foto: Prefeitura de Camb\u00e9<\/figcaption><\/figure>\n<\/div>\n<div class=\"left\">\n<figure><img decoding=\"async\" style=\"\" src=\"http:\/\/cdn.apucarana.pr.gov.br\/320x215\/original\/2013\/03\/20\/cr-dito-prefeitura-de-camb-2.JPG\" width=\"320\"><figcaption class=\"caption\">Foto: Prefeitura de Camb\u00e9<\/figcaption><\/figure>\n<\/div>\n<p>O Cons\u00f3rcio Intermunicipal de Seguran\u00e7a P\u00fablica e Cidadania de Londrina e Regi\u00e3o (Cismel), da qual Apucarana \u00e9 integrante, realizou ontem (sexta-feira &ndash; 11\/01) a primeira reuni\u00e3o ordin\u00e1ria do ano. Presidido atualmente pelo prefeito reeleito de Camb\u00e9, Jo\u00e3o Pavinato, o encontro aconteceu no pa\u00e7o municipal daquela cidade e foi prestigiado pelo prefeito de Apucarana, Beto Preto (PT).<span> &ldquo;Este \u00e9 um cons\u00f3rcio muito importante, que j\u00e1 viabilizou muitos recursos de programas do Governo Federal para toda a regi\u00e3o, mas \u00e9 preciso olharmos para frente. Necessitamos pensar agora em novos projetos, para ampliarmos o n\u00famero de viaturas, motocicletas, c&acirc;meras de vigil&acirc;ncia, e outros equipamentos para as nossas guardas municipais&rdquo;, assinalou Beto. De acordo com ele, o encontro em Camb\u00e9 foi bastante produtivo.<\/p>\n<p><\/span>  <\/p>\n<p>Em rela\u00e7\u00e3o \u00e0 pr\u00f3xima elei\u00e7\u00e3o para a presid\u00eancia do Cismel, o prefeito de Apucarana declarou que, se for consenso entre munic\u00edpios-membro, estar\u00e1 \u00e0 disposi\u00e7\u00e3o. &ldquo;Foi assim que aconteceu na elei\u00e7\u00e3o do Cisvir e transcorreu tudo muito bem&rdquo;, comentou. No epis\u00f3dio do Cons\u00f3rcio Intermunicipal de Sa\u00fade de Apucarana e Regi\u00e3o, o prefeito de Arapongas Padre Ant&ocirc;nio Jos\u00e9 Beffa (PHS), tamb\u00e9m era candidato, mas aderindo ao consenso apoiou Beto Preto. &ldquo;Neste caso, se por ventura ele se interessar pela elei\u00e7\u00e3o, Apucarana dar\u00e1 todo o apoio&rdquo;, confirmou Beto.<\/p>\n<p>Integram o Cismel os munic\u00edpios de Londrina, Rol&acirc;ndia, Apucarana, Arapongas, Camb\u00e9, Tamarana, Sertan\u00f3polis, Bela Vista do Para\u00edso, Jataizinho e Ibipor\u00e3. Visando o aparelhamento das Guardas Municipais de Apucarana, Londrina e Arapongas, nos \u00faltimos dois anos, o cons\u00f3rcio viabilizou diversos investimentos junto ao Programa Nacional de Seguran\u00e7a com Cidadania (Pronasci), do Minist\u00e9rio da Justi\u00e7a, entre elas a compras de ve\u00edculos, motocicletas e outros equipamentos para os agentes. Os munic\u00edpios-membros como um todo, foram contemplados com o sistema de videomonitoramento, que consiste na instala\u00e7\u00e3o de 180 c&acirc;meras em pontos estrat\u00e9gicos de vigil&acirc;ncia. &ldquo;O servi\u00e7o est\u00e1 em fase de implanta\u00e7\u00e3o e Apucarana foi contemplada com 27 novos pontos&rdquo;, frisou Beto Preto.<\/p>\n<p><b>Concurso<\/b> &ndash; Na esfera municipal, o prefeito de Apucarana ratificou o planejamento de aumentar com o efetivo da Guarda, hoje de apenas 31 agentes. &ldquo;Temos um grande plano de governo e vamos devolver \u00e0 nossa GM a sua verdadeira voca\u00e7\u00e3o, que \u00e9 a de zelar pelos pr\u00f3prios p\u00fablicos. Ainda neste ano devemos realizar um concurso p\u00fablico para incrementar o nosso n\u00famero de agentes e com isso levar mais seguran\u00e7a ao patrim&ocirc;nio municipal, parques e pra\u00e7as, e especialmente \u00e0s nossas escolas, centros infantis e unidades b\u00e1sicas de sa\u00fade&rdquo;, concluiu o gestor.<\/p><\/p>\n","protected":false},"excerpt":{"rendered":"<p>ntegram o Cismel os munic&iacute;pios de Londrina, Rol&acirc;ndia, Apucarana, Arapongas, Camb&eacute;, Tamarana, Sertan&oacute;polis, Bela Vista do Para&iacute;so, Jataizinho e Ibipor&atilde;<\/p>\n","protected":false},"author":4,"featured_media":0,"comment_status":"closed","ping_status":"closed","sticky":false,"template":"","format":"standard","meta":{"footnotes":""},"categories":[24],"tags":[],"class_list":["post-537","post","type-post","status-publish","format-standard","hentry","category-noticias"],"acf":[],"_links":{"self":[{"href":"http:\/\/www.apucarana.pr.gov.br\/site\/wp-json\/wp\/v2\/posts\/537","targetHints":{"allow":["GET"]}}],"collection":[{"href":"http:\/\/www.apucarana.pr.gov.br\/site\/wp-json\/wp\/v2\/posts"}],"about":[{"href":"http:\/\/www.apucarana.pr.gov.br\/site\/wp-json\/wp\/v2\/types\/post"}],"author":[{"embeddable":true,"href":"http:\/\/www.apucarana.pr.gov.br\/site\/wp-json\/wp\/v2\/users\/4"}],"replies":[{"embeddable":true,"href":"http:\/\/www.apucarana.pr.gov.br\/site\/wp-json\/wp\/v2\/comments?post=537"}],"version-history":[{"count":1,"href":"http:\/\/www.apucarana.pr.gov.br\/site\/wp-json\/wp\/v2\/posts\/537\/revisions"}],"predecessor-version":[{"id":106360,"href":"http:\/\/www.apucarana.pr.gov.br\/site\/wp-json\/wp\/v2\/posts\/537\/revisions\/106360"}],"wp:attachment":[{"href":"http:\/\/www.apucarana.pr.gov.br\/site\/wp-json\/wp\/v2\/media?parent=537"}],"wp:term":[{"taxonomy":"category","embeddable":true,"href":"http:\/\/www.apucarana.pr.gov.br\/site\/wp-json\/wp\/v2\/categories?post=537"},{"taxonomy":"post_tag","embeddable":true,"href":"http:\/\/www.apucarana.pr.gov.br\/site\/wp-json\/wp\/v2\/tags?post=537"}],"curies":[{"name":"wp","href":"https:\/\/api.w.org\/{rel}","templated":true}]}}