{"id":536,"date":"2013-01-11T13:30:00","date_gmt":"2013-01-11T13:30:00","guid":{"rendered":"http:\/\/172.16.0.7\/site-antigo\/?p=536"},"modified":"2024-10-08T09:05:43","modified_gmt":"2024-10-08T12:05:43","slug":"masters-do-santos-e-de-apucarana-acontece-dia-27","status":"publish","type":"post","link":"http:\/\/www.apucarana.pr.gov.br\/site\/masters-do-santos-e-de-apucarana-acontece-dia-27\/","title":{"rendered":"M\u00e1sters do Santos e de Apucarana acontece dia 27"},"content":{"rendered":"<p>O prefeito Beto Preto (PT) confirmou que a agenda comemorativa aos 69 anos de emancipa\u00e7\u00e3o pol\u00edtico-administrativa de Apucarana vai contar com uma partida de futebol entre as equipes de m\u00e1ster do Santos Futebol Clube e de Apucarana. O confronto festivo acontece no dia 27, \u00e0s 10 horas, no Est\u00e1dio Municipal Ol\u00edmpio Barreto (Irm\u00e3os Barreto), antigo Bom Jesus da Lapa. &ldquo;A equipe paulista j\u00e1 confirmou que vai trazer para Apucarana atletas que tiveram trajet\u00f3ria profissional de destaque&rdquo;, informa Beto. Ele convida Apucarana e regi\u00e3o para prestigiar o evento. &ldquo;Para os amantes do futebol, ser\u00e1 um momento marcante, oportunidade para os mais velhos reverem e, os mais novos, ver de perto craques que marcaram \u00e9poca atuando em gramados pelo Brasil e at\u00e9 pelo Mundo&rdquo;, detalha o prefeito. Na preliminar, \u00e0s 8 horas, o time sub-18 do Roma vai disputar um amistoso com advers\u00e1rio que ainda ser\u00e1 definido.  <\/p>\n<p>Alguns dos nomes j\u00e1 confirmados na equipe do Santos est\u00e3o os dos goleiros Rog\u00e9rio e Azul (preparador de goleiro do profissional), laterial direito Neto, zagueiros Mauro Patr\u00edcio e Toninho Carlos, do lateral esquerdo Everaldo, dos meias Lino, Jo\u00e3o Paulo, Elder, Gilberto Costa e dos atacantes Edu e Serginho. Os reservas j\u00e1 confirmados s\u00e3o: C\u00e9lio, Essinho, Pedro Paulo, Carlinhos e Abel. Mesmo j\u00e1 n\u00e3o atuando mais em campo, devem vir para a festa Pepe, Meng\u00e1lvio, Durval, Lima e Bianchi.<\/p>\n<p>Na equipe apucaranense ser\u00e1 composta por ex-jogadores do Apucarana Futebol Clube (AFC), Apucarana Atl\u00e9tico Clube (AAC) e Roma. Devem estar presentes Vagn\u00e3o, Z\u00e9 Rabudo, Gleidson, Canhoto, Pantale\u00e3o, Dias, Armand\u00e3o, Parada, Cafezinho, Carl\u00e3o Barbosa, Gil, Z\u00e9 Carlos Amaral, Tavinho, Jo\u00e3ozinho Paulista, Marc\u00e3o, Deva, J\u00falio, Roberto Morais, Pontin, M\u00e1rio, Lourival, Maring\u00e1, &Iacute;ndio, Nilton, Nelson Oscar, Warta e Neguito. Vitamina, Agentil de Freitas e &Aacute;ureo Francisco Silva, o Caixote, ser\u00e3o convidados para treinarem a equipe local.<\/p>\n<p><b>Servi\u00e7o: <\/b>Mais informa\u00e7\u00f5es 9640-3033, com Ademir Domingues Alves.<\/p><\/p>\n","protected":false},"excerpt":{"rendered":"<p>Na equipe apucaranense ser&aacute; composta por ex-jogadores do Apucarana Futebol Clube (AFC), Apucarana Atl&eacute;tico Clube (AAC) e Roma<\/p>\n","protected":false},"author":4,"featured_media":0,"comment_status":"closed","ping_status":"closed","sticky":false,"template":"","format":"standard","meta":{"footnotes":""},"categories":[24],"tags":[],"class_list":["post-536","post","type-post","status-publish","format-standard","hentry","category-noticias"],"acf":[],"_links":{"self":[{"href":"http:\/\/www.apucarana.pr.gov.br\/site\/wp-json\/wp\/v2\/posts\/536","targetHints":{"allow":["GET"]}}],"collection":[{"href":"http:\/\/www.apucarana.pr.gov.br\/site\/wp-json\/wp\/v2\/posts"}],"about":[{"href":"http:\/\/www.apucarana.pr.gov.br\/site\/wp-json\/wp\/v2\/types\/post"}],"author":[{"embeddable":true,"href":"http:\/\/www.apucarana.pr.gov.br\/site\/wp-json\/wp\/v2\/users\/4"}],"replies":[{"embeddable":true,"href":"http:\/\/www.apucarana.pr.gov.br\/site\/wp-json\/wp\/v2\/comments?post=536"}],"version-history":[{"count":1,"href":"http:\/\/www.apucarana.pr.gov.br\/site\/wp-json\/wp\/v2\/posts\/536\/revisions"}],"predecessor-version":[{"id":106361,"href":"http:\/\/www.apucarana.pr.gov.br\/site\/wp-json\/wp\/v2\/posts\/536\/revisions\/106361"}],"wp:attachment":[{"href":"http:\/\/www.apucarana.pr.gov.br\/site\/wp-json\/wp\/v2\/media?parent=536"}],"wp:term":[{"taxonomy":"category","embeddable":true,"href":"http:\/\/www.apucarana.pr.gov.br\/site\/wp-json\/wp\/v2\/categories?post=536"},{"taxonomy":"post_tag","embeddable":true,"href":"http:\/\/www.apucarana.pr.gov.br\/site\/wp-json\/wp\/v2\/tags?post=536"}],"curies":[{"name":"wp","href":"https:\/\/api.w.org\/{rel}","templated":true}]}}