{"id":535,"date":"2013-01-10T13:29:00","date_gmt":"2013-01-10T13:29:00","guid":{"rendered":"http:\/\/172.16.0.7\/site-antigo\/?p=535"},"modified":"2024-10-08T09:05:43","modified_gmt":"2024-10-08T12:05:43","slug":"africanos-confirmam-presenca-na-28-de-janeiro","status":"publish","type":"post","link":"http:\/\/www.apucarana.pr.gov.br\/site\/africanos-confirmam-presenca-na-28-de-janeiro\/","title":{"rendered":"Africanos confirmam presen\u00e7a na &#8220;28 de Janeiro&#8221;"},"content":{"rendered":"<p>O prefeito Beto Preto (PT) confirmou ontem (quinta-feira &ndash; 10\/01) que a 51\u00aa edi\u00e7\u00e3o da Prova Pedestre 28 de Janeiro vai contar mais uma vez com atletas africanos. Treinados por Moacir Marconi, o popular Coquinho, do Qu\u00eania vem pelo masculino, Mark Korir, e, pelo feminino, Nancy Jepkosgei Kipron<b>. <\/b>Da Eti\u00f3pia, as atra\u00e7\u00f5es s\u00e3o Chala Lelisa Debele, pelo masculino, e Fekede Almaz Negede, pelo feminino. &ldquo;Os atletas devem estar presentes neste dia 18, \u00e0s 19 horas, quando acontece o lan\u00e7amento oficial da prova em evento agendado para o sal\u00e3o nobre da prefeitura&rdquo;, adianta o prefeito.  <\/p>\n<p>A competi\u00e7\u00e3o, organizada pela Secretaria de Esportes para comemorar os 69 anos da cidade, acontece neste dia 26, com largada \u00e0s 19 horas na Pra\u00e7a Rui Barbosa. Com inscri\u00e7\u00f5es limitadas, ser\u00e3o dois percursos: de 5 e de 10 quil&ocirc;metros, com limita\u00e7\u00e3o de 400 participantes cada.<\/p>\n<p>A secret\u00e1ria Municipal de Esportes, Dione Gaspar, lembra que as inscri\u00e7\u00f5es para a corrida v\u00e3o at\u00e9 o dia 25 e devem ser feitas pelo site da Prefeitura de Apucarana <a href=\"http:\/\/www.apucarana.pr.gov.br\">www.apucarana.pr.gov.br<\/a>. O pagamento da inscri\u00e7\u00e3o, ao custo de R$10,00, ser\u00e1 comprovado atrav\u00e9s de dep\u00f3sito banc\u00e1rio que deve ser apresentado no momento da retirada do Kit, no dia da corrida. &ldquo;O pagamento deve ser feito na boca do caixa, em banco e lot\u00e9rica. N\u00e3o pode ser em caixa eletr&ocirc;nico&rdquo;, orienta.<\/p>\n<p>J\u00e1 a vers\u00e3o mirim da competi\u00e7\u00e3o, a Vinteoitinha, que tamb\u00e9m acontece neste dia 26 com largada \u00e0s 16h30, da Pra\u00e7a Rui Barbosa, ter\u00e1 participa\u00e7\u00e3o gratuita e a inscri\u00e7\u00e3o pode ser confirmada pelo site ou diretamente na Secretaria Municipal de Esportes, que funciona anexa ao Completo Esportivo Lago\u00e3o. As inscri\u00e7\u00f5es para esta categoria s\u00e3o limitadas a 450 participantes.<\/p>\n<p>A expectativa dos organizadores \u00e9 reunir cerca de 1300 participantes entre \u00e0s categorias mirim e adulto. Todos os participantes v\u00e3o receber medalhas. Os melhores colocados v\u00e3o receber ainda trof\u00e9u e pr\u00eamios em dinheiro. Os valores tamb\u00e9m podem ser consultados no site da prefeitura.<\/p>\n<p>O patroc\u00ednio oficial da 51\u00aa Prova Pedestre 28 de Janeiro \u00e9 da Caixa Econ&ocirc;mica Federal e do Governo Federal, com apoio do Sistema Fecom\u00e9rcio\/PR (Sesc, Senac, IFPD), Unimed e Tribuna do Norte. Outras informa\u00e7\u00f5es podem ser obtidas ainda pelo telefone 3422-5184.<\/p>\n<p><\/p>\n","protected":false},"excerpt":{"rendered":"<p>A competi&ccedil;&atilde;o, organizada pela Secretaria de Esportes para comemorar os 69 anos da cidade<\/p>\n","protected":false},"author":4,"featured_media":0,"comment_status":"closed","ping_status":"closed","sticky":false,"template":"","format":"standard","meta":{"footnotes":""},"categories":[24],"tags":[],"class_list":["post-535","post","type-post","status-publish","format-standard","hentry","category-noticias"],"acf":[],"_links":{"self":[{"href":"http:\/\/www.apucarana.pr.gov.br\/site\/wp-json\/wp\/v2\/posts\/535","targetHints":{"allow":["GET"]}}],"collection":[{"href":"http:\/\/www.apucarana.pr.gov.br\/site\/wp-json\/wp\/v2\/posts"}],"about":[{"href":"http:\/\/www.apucarana.pr.gov.br\/site\/wp-json\/wp\/v2\/types\/post"}],"author":[{"embeddable":true,"href":"http:\/\/www.apucarana.pr.gov.br\/site\/wp-json\/wp\/v2\/users\/4"}],"replies":[{"embeddable":true,"href":"http:\/\/www.apucarana.pr.gov.br\/site\/wp-json\/wp\/v2\/comments?post=535"}],"version-history":[{"count":1,"href":"http:\/\/www.apucarana.pr.gov.br\/site\/wp-json\/wp\/v2\/posts\/535\/revisions"}],"predecessor-version":[{"id":106362,"href":"http:\/\/www.apucarana.pr.gov.br\/site\/wp-json\/wp\/v2\/posts\/535\/revisions\/106362"}],"wp:attachment":[{"href":"http:\/\/www.apucarana.pr.gov.br\/site\/wp-json\/wp\/v2\/media?parent=535"}],"wp:term":[{"taxonomy":"category","embeddable":true,"href":"http:\/\/www.apucarana.pr.gov.br\/site\/wp-json\/wp\/v2\/categories?post=535"},{"taxonomy":"post_tag","embeddable":true,"href":"http:\/\/www.apucarana.pr.gov.br\/site\/wp-json\/wp\/v2\/tags?post=535"}],"curies":[{"name":"wp","href":"https:\/\/api.w.org\/{rel}","templated":true}]}}