{"id":534,"date":"2013-01-10T13:25:59","date_gmt":"2013-01-10T13:25:59","guid":{"rendered":"http:\/\/172.16.0.7\/site-antigo\/?p=534"},"modified":"2024-10-08T09:05:43","modified_gmt":"2024-10-08T12:05:43","slug":"apucarana-e-cismel-preparam-pontos-para-novas-cameras-de-vigilancia","status":"publish","type":"post","link":"http:\/\/www.apucarana.pr.gov.br\/site\/apucarana-e-cismel-preparam-pontos-para-novas-cameras-de-vigilancia\/","title":{"rendered":"Apucarana e Cismel preparam pontos para novas c&#226;meras de vigil&#226;ncia"},"content":{"rendered":"<p>O prefeito Beto Preto (PT) anunciou ontem (quinta-feira &ndash; 10\/01) o in\u00edcio da prepara\u00e7\u00e3o dos postes que, dentro de 30 dias, come\u00e7am a receber a instala\u00e7\u00e3o das 27 novas c&acirc;meras de vigil&acirc;ncia. &ldquo;Este \u00e9 um trabalho importante que vem somar \u00e0 estrutura de seguran\u00e7a j\u00e1 existente. No total, por enquanto, a cidade vai contar com 60 pontos sob monitoramento 24 horas. Ressalto, contudo, que o nosso compromisso, dentro no plano de governo, \u00e9 de instalar 120 c&acirc;meras em pontos estrat\u00e9gicos&rdquo;, disse Beto.  <\/p>\n<p>Os equipamentos foram conquistados pelo munic\u00edpio junto ao Cons\u00f3rcio Intermunicipal de Seguran\u00e7a P\u00fablica com Cidadania de Londrina e Regi\u00e3o (Cismel), do qual Apucarana \u00e9 integrante, e representam investimento na ordem de R$900 mil. O diretor-presidente do Instituto de Desenvolvimento, Pesquisa e Planejamento de Apucarana, vice-prefeito Sebasti\u00e3o Ferreira Martins J\u00fanior (J\u00fanior da Femac), esclareceu que a parte el\u00e9trica deve ser conclu\u00edda pela Copel entre os dias 15 e 18 deste m\u00eas. &ldquo;A prepara\u00e7\u00e3o dos postes envolve a coloca\u00e7\u00e3o de caixa met\u00e1lica para acondicionamento do equipamento respons\u00e1vel pela recep\u00e7\u00e3o e emiss\u00e3o do sinal, fontes de energia, suporte e bra\u00e7o para a c&acirc;mera&rdquo;, explica. Ele contudo, lamentou as condi\u00e7\u00f5es que o atual governo herdou o CCO &ndash; Centro de Controle Operacional. &ldquo;Nos deparamos com um sistema deficit\u00e1rio, com falta de funcion\u00e1rios, por exemplo. Quando o padr\u00e3o \u00e9 um para cada 10 c&acirc;meras, encontramos a central com apenas um funcion\u00e1rio para vigiar as 33 c&acirc;meras e que ainda acumulava servi\u00e7os administrativos&rdquo;, relata J\u00fanior.<\/p>\n<p>O trabalho de prepara\u00e7\u00e3o dos pontos \u00e9 supervisionado pelo Idepplan e realizado por uma empreiteira licitada pelo Cismel, que tamb\u00e9m \u00e9 respons\u00e1vel pela instala\u00e7\u00e3o de outras 153 c&acirc;meras em diversas cidades integrantes do cons\u00f3rcio, em uma a\u00e7\u00e3o que consiste na implanta\u00e7\u00e3o do chamado &ldquo;<span>Gabinete de Gest\u00e3o Integrada Regional (GGI R)&rdquo;. Os investimentos no GGI R s\u00e3o na ordem de R$7 milh\u00f5es.<\/span><\/p>\n<p>Todos os novos pontos foram definidos por um grupo de trabalho, em reuni\u00f5es t\u00e9cnicas com membros das for\u00e7as de seguran\u00e7a e organismos afins, levando sempre em considera\u00e7\u00e3o a conveni\u00eancia t\u00e9cnica, do ponto de vista da Seguran\u00e7a P\u00fablica.<\/p>\n<p>Desde setembro de 2008, Apucarana j\u00e1 conta com 33 pontos sob monitoramento 24 horas, operacionalizados no Centro de Controle Operacional (CCO), localizado no quartel da Guarda Municipal.<\/p><\/p>\n","protected":false},"excerpt":{"rendered":"<p>Todos os novos pontos foram definidos por um grupo de trabalho em reuni&otilde;es t&eacute;cnicas<\/p>\n","protected":false},"author":4,"featured_media":0,"comment_status":"closed","ping_status":"closed","sticky":false,"template":"","format":"standard","meta":{"footnotes":""},"categories":[24],"tags":[],"class_list":["post-534","post","type-post","status-publish","format-standard","hentry","category-noticias"],"acf":[],"_links":{"self":[{"href":"http:\/\/www.apucarana.pr.gov.br\/site\/wp-json\/wp\/v2\/posts\/534","targetHints":{"allow":["GET"]}}],"collection":[{"href":"http:\/\/www.apucarana.pr.gov.br\/site\/wp-json\/wp\/v2\/posts"}],"about":[{"href":"http:\/\/www.apucarana.pr.gov.br\/site\/wp-json\/wp\/v2\/types\/post"}],"author":[{"embeddable":true,"href":"http:\/\/www.apucarana.pr.gov.br\/site\/wp-json\/wp\/v2\/users\/4"}],"replies":[{"embeddable":true,"href":"http:\/\/www.apucarana.pr.gov.br\/site\/wp-json\/wp\/v2\/comments?post=534"}],"version-history":[{"count":1,"href":"http:\/\/www.apucarana.pr.gov.br\/site\/wp-json\/wp\/v2\/posts\/534\/revisions"}],"predecessor-version":[{"id":106363,"href":"http:\/\/www.apucarana.pr.gov.br\/site\/wp-json\/wp\/v2\/posts\/534\/revisions\/106363"}],"wp:attachment":[{"href":"http:\/\/www.apucarana.pr.gov.br\/site\/wp-json\/wp\/v2\/media?parent=534"}],"wp:term":[{"taxonomy":"category","embeddable":true,"href":"http:\/\/www.apucarana.pr.gov.br\/site\/wp-json\/wp\/v2\/categories?post=534"},{"taxonomy":"post_tag","embeddable":true,"href":"http:\/\/www.apucarana.pr.gov.br\/site\/wp-json\/wp\/v2\/tags?post=534"}],"curies":[{"name":"wp","href":"https:\/\/api.w.org\/{rel}","templated":true}]}}