{"id":533,"date":"2013-01-10T13:21:59","date_gmt":"2013-01-10T13:21:59","guid":{"rendered":"http:\/\/172.16.0.7\/site-antigo\/?p=533"},"modified":"2024-10-08T09:05:43","modified_gmt":"2024-10-08T12:05:43","slug":"apucarana-destina-25-toneladas-de-massa-para-recuperacao-do-asfalto","status":"publish","type":"post","link":"http:\/\/www.apucarana.pr.gov.br\/site\/apucarana-destina-25-toneladas-de-massa-para-recuperacao-do-asfalto\/","title":{"rendered":"Apucarana destina 25 toneladas de massa para recupera\u00e7\u00e3o do asfalto"},"content":{"rendered":"<p>Por determina\u00e7\u00e3o do prefeito Beto Preto (PT), duas frentes de trabalho iniciaram ontem (quinta-feira &ndash; 10\/01) os trabalhos de recupera\u00e7\u00e3o do pavimento asf\u00e1ltico em Apucarana. Segundo o secret\u00e1rio de Obras, vice-prefeito Sebasti\u00e3o Ferreira Martins J\u00fanior (J\u00fanior da Femac), os servi\u00e7os s\u00e3o de car\u00e1ter emergencial e contemplam tanto a \u00e1rea central quanto \u00e0 Avenida Cristiano Kussmaul. <\/p>\n<p>&ldquo;Temos no final deste m\u00eas a Prova Pedestre 28 de Janeiro, cujos atletas v\u00e3o percorrer as principais ruas do nosso centro. Herdamos uma malha vi\u00e1ria com v\u00e1rios problemas, mas a popula\u00e7\u00e3o pode ter a certeza de que com muita dedica\u00e7\u00e3o, juntamente com o nosso prefeito Beto Preto, vamos reverter este quadro negativo&rdquo;, anunciou J\u00fanior. <\/p>\n<p>Quanto \u00e0 Avenida Cristiano Kussmaul, o secret\u00e1rio lembrou que o trecho \u00e9 hoje uma importante via de liga\u00e7\u00e3o entre v\u00e1rios bairros. &ldquo;Esta regi\u00e3o cresceu muito nos \u00faltimos anos, com novos loteamentos e tamb\u00e9m por ser um dos corredores de acesso ao contorno rodovi\u00e1rio, ao parque industrial e ao munic\u00edpio de Rio Bom&rdquo;, frisou. <\/p>\n<p>Segundo o engenheiro municipal, Eduardo Mendon\u00e7a, respons\u00e1vel t\u00e9cnico pelas frentes de trabalho, o material utilizado nesta etapa \u00e9 a chamada &ldquo;massa fria&rdquo;. &ldquo;S\u00e3o 25 toneladas&rdquo;, informa. Ainda de acordo com ele, a previs\u00e3o \u00e9 concluir os trabalhos j\u00e1 nesta sexta-feira. &ldquo;Esperamos que o tempo colabore&rdquo;, pontua.  <\/p>\n","protected":false},"excerpt":{"rendered":"<p>Os servi&ccedil;os s&atilde;o de car&aacute;ter emergencial e contemplam tanto a &aacute;rea central quanto &agrave; Avenida Cristiano Kussmaul<\/p>\n","protected":false},"author":4,"featured_media":0,"comment_status":"closed","ping_status":"closed","sticky":false,"template":"","format":"standard","meta":{"footnotes":""},"categories":[24],"tags":[],"class_list":["post-533","post","type-post","status-publish","format-standard","hentry","category-noticias"],"acf":[],"_links":{"self":[{"href":"http:\/\/www.apucarana.pr.gov.br\/site\/wp-json\/wp\/v2\/posts\/533","targetHints":{"allow":["GET"]}}],"collection":[{"href":"http:\/\/www.apucarana.pr.gov.br\/site\/wp-json\/wp\/v2\/posts"}],"about":[{"href":"http:\/\/www.apucarana.pr.gov.br\/site\/wp-json\/wp\/v2\/types\/post"}],"author":[{"embeddable":true,"href":"http:\/\/www.apucarana.pr.gov.br\/site\/wp-json\/wp\/v2\/users\/4"}],"replies":[{"embeddable":true,"href":"http:\/\/www.apucarana.pr.gov.br\/site\/wp-json\/wp\/v2\/comments?post=533"}],"version-history":[{"count":1,"href":"http:\/\/www.apucarana.pr.gov.br\/site\/wp-json\/wp\/v2\/posts\/533\/revisions"}],"predecessor-version":[{"id":106364,"href":"http:\/\/www.apucarana.pr.gov.br\/site\/wp-json\/wp\/v2\/posts\/533\/revisions\/106364"}],"wp:attachment":[{"href":"http:\/\/www.apucarana.pr.gov.br\/site\/wp-json\/wp\/v2\/media?parent=533"}],"wp:term":[{"taxonomy":"category","embeddable":true,"href":"http:\/\/www.apucarana.pr.gov.br\/site\/wp-json\/wp\/v2\/categories?post=533"},{"taxonomy":"post_tag","embeddable":true,"href":"http:\/\/www.apucarana.pr.gov.br\/site\/wp-json\/wp\/v2\/tags?post=533"}],"curies":[{"name":"wp","href":"https:\/\/api.w.org\/{rel}","templated":true}]}}