{"id":529,"date":"2013-01-04T17:42:00","date_gmt":"2013-01-04T17:42:00","guid":{"rendered":"http:\/\/172.16.0.7\/site-antigo\/?p=529"},"modified":"2024-10-08T09:05:44","modified_gmt":"2024-10-08T12:05:44","slug":"prefeitura-inicia-servicos-de-limpeza-e-rocagem","status":"publish","type":"post","link":"http:\/\/www.apucarana.pr.gov.br\/site\/prefeitura-inicia-servicos-de-limpeza-e-rocagem\/","title":{"rendered":"Prefeitura inicia servi\u00e7os de limpeza e ro\u00e7agem"},"content":{"rendered":"<div class=\"foto componente_materia midia-largura-300\"><img decoding=\"async\" src=\"http:\/\/cdn.apucarana.pr.gov.br\/300x215\/original\/2013\/03\/19\/limpeza-edson-denobi-05.jpg\" width=\"300\"><strong>Demanda de servi\u00e7os \u00e9 grande nesta \u00e9poca do ano<\/strong><\/div>\n<div class=\"foto componente_materia midia-largura-300\"><img decoding=\"async\" src=\"http:\/\/cdn.apucarana.pr.gov.br\/300x215\/original\/2013\/03\/19\/limpeza-edson-denobi.jpg\" width=\"300\"><strong>Oper\u00e1rios iniciaram servi\u00e7o pelas entradas da cidade<\/strong><\/div>\n<p>O prefeito Beto Preto (PT) divulgou nesta quinta-feira (03\/02) o in\u00edcio dos trabalhos de ro\u00e7agem e limpeza geral da cidade. Ap\u00f3s vistoria no p\u00e1tio de m\u00e1quinas, j\u00e1 no primeiro dia de mandato, o novo gestor verificou que al\u00e9m do tempo \u00famido e quente, tradicional nos meses de janeiro e que contribui para o crescimento ainda mais r\u00e1pido da vegeta\u00e7\u00e3o, a Prefeitura de Apucarana vai enfrentar neste in\u00edcio de ano outras dificuldades para dar atendimento \u00e0 grande demanda. &ldquo;Recebemos a estrutura de servi\u00e7os p\u00fablicos com equipamentos parados por falta de pe\u00e7as e outros simplesmente sucateados. Sem contar que hoje \u00e9 de conhecimento p\u00fablico que o setor possui poucos funcion\u00e1rios. Para se ter uma ideia, no final da d\u00e9cada de 90, quando a cidade era menor, existiam para a varri\u00e7\u00e3o 112 garis. Hoje, a cidade \u00e9 bem maior, mas s\u00e3o apenas 22 garis&rdquo;, revela Beto. <\/p>\n<p>A primeira frente de trabalho autorizada pelo prefeito contempla as entradas da cidade. Nesta quinta-feira, o servi\u00e7o foi executado na Avenida Brasil, acesso para quem vem da regi\u00e3o de Londrina. &ldquo;Pedimos a compreens\u00e3o da popula\u00e7\u00e3o. Iniciamos com a heran\u00e7a de um potencial de trabalho reduzido, mas j\u00e1 trabalhamos para recuperar o mais r\u00e1pido poss\u00edvel o maquin\u00e1rio que est\u00e1 danificado e fazer o melhor com a estrutura que temos em m\u00e3os. S\u00e3o poucas ro\u00e7adeiras e dos tr\u00eas tratores para ro\u00e7agem, apenas um est\u00e1 apto para o trabalho&rdquo;, informa o prefeito. Segundo ele, um balan\u00e7o j\u00e1 est\u00e1 sendo conclu\u00eddo e encaminhado para que o setor de compras e licita\u00e7\u00f5es possa dar andamento aos processos administrativos visando as aquisi\u00e7\u00f5es necess\u00e1rias. &ldquo;Quanto \u00e0 car\u00eancia de m\u00e3o de obra, \u00e9 um problema que vamos resolver mediante a realiza\u00e7\u00e3o de um concurso p\u00fablico&rdquo;, ponderou o gestor. <\/p>\n<p><b>Planejamento<\/b> &#8211; Ap\u00f3s conclus\u00e3o da limpeza e ro\u00e7agem dos acessos ao munic\u00edpio, os trabalhos v\u00e3o atender \u00e0 \u00e1rea central, bem como aos pr\u00e9dios p\u00fablicos, como unidades b\u00e1sicas de sa\u00fade, escolas, centros infantis, pra\u00e7as esportivas e parques municipais. &ldquo;Infelizmente existem bairros que est\u00e3o h\u00e1 uma d\u00e9cada sem varri\u00e7\u00e3o adequada. A pouca limpeza que houve foi feita pelos pr\u00f3prios moradores, o que \u00e9 inaceit\u00e1vel em uma cidade do porte de Apucarana&rdquo;, conclui o prefeito Beto Preto. <\/p>\n<p><b>Sem\u00e1foros<\/b> &ndash; Outra medida imediata anunciada nesta quinta-feira pelo novo prefeito de Apucarana foi o in\u00edcio da sincroniza\u00e7\u00e3o dos sem\u00e1foros da \u00e1rea central. &ldquo;Esta \u00e9 uma a\u00e7\u00e3o que n\u00e3o precisa de nenhum investimento adicional e depende apenas de compet\u00eancia t\u00e9cnica. &Eacute; uma medida mais do que simples, b\u00e1sica, mas que certamente vai contribuir para dar maior fluidez ao tr&acirc;nsito, problema que hoje \u00e9 uma das maiores reclama\u00e7\u00f5es da popula\u00e7\u00e3o&rdquo;, comentou Beto. De acordo com ele, interven\u00e7\u00f5es mais profundas no sistema vi\u00e1rio ser\u00e3o discutidas neste primeiro semestre e come\u00e7am a serem aplicadas no segundo est\u00e1gio do ano. <\/p>\n<p><b>Popula\u00e7\u00e3o<\/b> &ndash; O prefeito Beto Preto disse contar com a contrapartida da popula\u00e7\u00e3o no que tange o trabalho de ro\u00e7agem e limpeza p\u00fablica. &ldquo;A prefeitura, enquanto poder p\u00fablico, vai fazer a sua parte no patrim&ocirc;nio municipal, e conta com o mesmo zelo dos propriet\u00e1rios de lotes e outros im\u00f3veis urbanos&rdquo;, pediu.  <\/p>\n","protected":false},"excerpt":{"rendered":"<p>Segundo apura&ccedil;&atilde;o da nova administra&ccedil;&atilde;o, existem bairros que est&atilde;o h&aacute; uma d&eacute;cada sem varri&ccedil;&atilde;o adequada. A pouca limpeza que houve neste per&iacute;odo foi feita pelos pr&oacute;prios moradores<\/p>\n","protected":false},"author":4,"featured_media":0,"comment_status":"closed","ping_status":"closed","sticky":false,"template":"","format":"standard","meta":{"footnotes":""},"categories":[24],"tags":[],"class_list":["post-529","post","type-post","status-publish","format-standard","hentry","category-noticias"],"acf":[],"_links":{"self":[{"href":"http:\/\/www.apucarana.pr.gov.br\/site\/wp-json\/wp\/v2\/posts\/529","targetHints":{"allow":["GET"]}}],"collection":[{"href":"http:\/\/www.apucarana.pr.gov.br\/site\/wp-json\/wp\/v2\/posts"}],"about":[{"href":"http:\/\/www.apucarana.pr.gov.br\/site\/wp-json\/wp\/v2\/types\/post"}],"author":[{"embeddable":true,"href":"http:\/\/www.apucarana.pr.gov.br\/site\/wp-json\/wp\/v2\/users\/4"}],"replies":[{"embeddable":true,"href":"http:\/\/www.apucarana.pr.gov.br\/site\/wp-json\/wp\/v2\/comments?post=529"}],"version-history":[{"count":1,"href":"http:\/\/www.apucarana.pr.gov.br\/site\/wp-json\/wp\/v2\/posts\/529\/revisions"}],"predecessor-version":[{"id":106371,"href":"http:\/\/www.apucarana.pr.gov.br\/site\/wp-json\/wp\/v2\/posts\/529\/revisions\/106371"}],"wp:attachment":[{"href":"http:\/\/www.apucarana.pr.gov.br\/site\/wp-json\/wp\/v2\/media?parent=529"}],"wp:term":[{"taxonomy":"category","embeddable":true,"href":"http:\/\/www.apucarana.pr.gov.br\/site\/wp-json\/wp\/v2\/categories?post=529"},{"taxonomy":"post_tag","embeddable":true,"href":"http:\/\/www.apucarana.pr.gov.br\/site\/wp-json\/wp\/v2\/tags?post=529"}],"curies":[{"name":"wp","href":"https:\/\/api.w.org\/{rel}","templated":true}]}}