{"id":5095,"date":"2017-01-13T13:36:13","date_gmt":"2017-01-13T15:36:13","guid":{"rendered":"http:\/\/172.16.0.7\/site-antigo\/?p=5095"},"modified":"2024-10-08T09:13:14","modified_gmt":"2024-10-08T12:13:14","slug":"apucarana-tera-festa-economica-de-73-anos","status":"publish","type":"post","link":"http:\/\/www.apucarana.pr.gov.br\/site\/apucarana-tera-festa-economica-de-73-anos\/","title":{"rendered":"Apucarana ter\u00e1 festa econ\u00f4mica de 73 anos"},"content":{"rendered":"<p>A Prefeitura de Apucarana promete n\u00e3o gastar muito na festa que marca os 73 anos do munic\u00edpio. Em clima de austeridade e com foco em obras p\u00fablicas, a administra\u00e7\u00e3o organiza uma comemora\u00e7\u00e3o mais simples, aos moldes do ano passado, com bandas locais e barracas de alimenta\u00e7\u00e3o. O principal evento \u00e9 a tradicional prova pedestre 28 de Janeiro.<br \/>\nA programa\u00e7\u00e3o oficial ainda n\u00e3o foi divulgada, mas a Secretaria Municipal de Cultura e Turismo de Apucarana adianta que a administra\u00e7\u00e3o municipal n\u00e3o dever\u00e1 gastar muito com a comemora\u00e7\u00e3o. \u201cConsideramos que o anivers\u00e1rio da cidade \u00e9 um momento de confraterniza\u00e7\u00e3o importante para o cidad\u00e3o apucaranense. Acreditamos que a festa ser\u00e1 animada, mas dentro dos contextos municipal e nacional. A administra\u00e7\u00e3o prioriza a execu\u00e7\u00e3o de obras p\u00fablicas, como escolas, unidades de sa\u00fade e asfalto\u201d, explica a secret\u00e1ria de Cultura do munic\u00edpio, Maria Agar Borba.<br \/>\nSegundo ela, os eventos confirmados s\u00e3o uma Feira da Lua especial, com mais de 30 barracas de alimenta\u00e7\u00e3o, artesanato e flores, que deve se estender do dia 26 (quinta-feira) at\u00e9 o dia 29 (domingo), na Pra\u00e7a Rui Barbosa. Tamb\u00e9m na pra\u00e7a haver\u00e1 a apresenta\u00e7\u00e3o de bandas locais, que podem se inscrever no evento a partir do dia 23, na Secretaria de Turismo do munic\u00edpio, tamb\u00e9m na pra\u00e7a.<br \/>\nApucarana tamb\u00e9m sediar\u00e1, no final de semana anterior ao anivers\u00e1rio, um encontro de \u2018food trucks\u2019. O evento acontece de 20 a 22 de janeiro no Complexo Esportivo Jos\u00e9 Ant\u00f4nio Basso, o Lago\u00e3o. No dia 24, no Cine Teatro F\u00eanix, haver\u00e1 o concurso Miss Terceira Idade, em parceria com a Secretaria da Assist\u00eancia Social. O ponto alto das comemora\u00e7\u00f5es, de acordo com a Prefeitura, \u00e9 a 55\u00aa Prova Pedestre 28 de Janeiro, que acontece no dia do anivers\u00e1rio da cidade.<br \/>\nFonte: <a href=\"https:\/\/www.tribunadonorte.com\/noticias\/apucarana-tera-festa-economica-de-73-anos\">Site TNOnline<\/a><\/p>\n","protected":false},"excerpt":{"rendered":"<p>A programa\u00e7\u00e3o oficial ainda n\u00e3o foi divulgada, mas a Secretaria Municipal de Cultura e Turismo de Apucarana adianta que a administra\u00e7\u00e3o municipal n\u00e3o dever\u00e1 gastar muito com a comemora\u00e7\u00e3o (Foto: Edson Denobi\/arquivo)<\/p>\n","protected":false},"author":4,"featured_media":5096,"comment_status":"closed","ping_status":"open","sticky":false,"template":"","format":"standard","meta":{"footnotes":""},"categories":[24],"tags":[],"class_list":["post-5095","post","type-post","status-publish","format-standard","has-post-thumbnail","hentry","category-noticias"],"acf":[],"_links":{"self":[{"href":"http:\/\/www.apucarana.pr.gov.br\/site\/wp-json\/wp\/v2\/posts\/5095","targetHints":{"allow":["GET"]}}],"collection":[{"href":"http:\/\/www.apucarana.pr.gov.br\/site\/wp-json\/wp\/v2\/posts"}],"about":[{"href":"http:\/\/www.apucarana.pr.gov.br\/site\/wp-json\/wp\/v2\/types\/post"}],"author":[{"embeddable":true,"href":"http:\/\/www.apucarana.pr.gov.br\/site\/wp-json\/wp\/v2\/users\/4"}],"replies":[{"embeddable":true,"href":"http:\/\/www.apucarana.pr.gov.br\/site\/wp-json\/wp\/v2\/comments?post=5095"}],"version-history":[{"count":1,"href":"http:\/\/www.apucarana.pr.gov.br\/site\/wp-json\/wp\/v2\/posts\/5095\/revisions"}],"predecessor-version":[{"id":102625,"href":"http:\/\/www.apucarana.pr.gov.br\/site\/wp-json\/wp\/v2\/posts\/5095\/revisions\/102625"}],"wp:featuredmedia":[{"embeddable":true,"href":"http:\/\/www.apucarana.pr.gov.br\/site\/wp-json\/"}],"wp:attachment":[{"href":"http:\/\/www.apucarana.pr.gov.br\/site\/wp-json\/wp\/v2\/media?parent=5095"}],"wp:term":[{"taxonomy":"category","embeddable":true,"href":"http:\/\/www.apucarana.pr.gov.br\/site\/wp-json\/wp\/v2\/categories?post=5095"},{"taxonomy":"post_tag","embeddable":true,"href":"http:\/\/www.apucarana.pr.gov.br\/site\/wp-json\/wp\/v2\/tags?post=5095"}],"curies":[{"name":"wp","href":"https:\/\/api.w.org\/{rel}","templated":true}]}}