{"id":4889,"date":"2016-12-23T12:07:50","date_gmt":"2016-12-23T14:07:50","guid":{"rendered":"http:\/\/172.16.0.7\/site-antigo\/?p=4889"},"modified":"2024-10-08T09:13:15","modified_gmt":"2024-10-08T12:13:15","slug":"conselho-faz-a-partilha-das-doacoes-captadas-pelo-imposto-de-renda","status":"publish","type":"post","link":"http:\/\/www.apucarana.pr.gov.br\/site\/conselho-faz-a-partilha-das-doacoes-captadas-pelo-imposto-de-renda\/","title":{"rendered":"Conselho faz a partilha das doa\u00e7\u00f5es captadas pelo Imposto de Renda"},"content":{"rendered":"<p>Nove entidades v\u00e3o dividir \u00a0R$ 196.350 captados pelo Conselho Municipal dos Direitos da Crian\u00e7a e do Adolescente (CMDCA). Os recursos s\u00e3o oriundos das dedu\u00e7\u00f5es do Imposto de Renda (IR), feitas por pessoas f\u00edsicas e jur\u00eddicas, destinando os valores ao fundo mantido pelo conselho. Os termos de conv\u00eanio que garantem o repasse foram assinados nesta sexta-feira (23\/12) pelo prefeito de Apucarana, Beto Preto, e por representantes das entidades, em ato realizado no sal\u00e3o nobre.<br \/>\nDe acordo com o prefeito de Apucarana, os valores ser\u00e3o creditados nas contas das entidades ainda neste ano. \u201cA doa\u00e7\u00e3o \u00e9 uma garantia de que o dinheiro do Imposto de Renda ficar\u00e1 em Apucarana e que ser\u00e1 aplicado no atendimento de crian\u00e7as e adolescentes. As entidades beneficiadas realizam um trabalho crist\u00e3o de atendimento ao pr\u00f3ximo e o Munic\u00edpio precisa cada dia mais delas para dar conta das demandas\u201d, observa Beto Preto.<br \/>\nSegundo a secret\u00e1ria municipal de Assist\u00eancia Social, M\u00e1rcia Regina de Sousa, os recursos captados foram creditados na conta do fundo e agora ser\u00e3o partilhados. \u201cO valor \u00e9 igual para todos, com exce\u00e7\u00e3o de tr\u00eas entidades que contaram com a doa\u00e7\u00e3o casada. Ou seja, o doador especificou para qual entidade o valor deveria ser transferido\u201d, explica.<br \/>\nAs entidades beneficiadas precisam estar cadastradas junto ao CMDCA, desenvolver atividades regularmente e estar com toda a documenta\u00e7\u00e3o em dia. Conforme a partilha, receber\u00e3o R$ 19.300 as entidades Cepes, CASA, Edhucca, Ciccak, Casa do Dod\u00f4 e Associa\u00e7\u00e3o Karat\u00ea Vida. Foram ainda atendidas, com esse recurso mais o valor da destina\u00e7\u00e3o espec\u00edfica, a Apae (R$ 24.300), Grupo SOMA (R$ 29.300) e Comander (R$ 26.950).<br \/>\nO presidente do CMDCA, que tamb\u00e9m preside o Grupo SOMA, Ant\u00f4nio Carlos Macarr\u00e3o Machado, agradeceu pelo repasse e conclamou a sociedade a ampliar a campanha. \u201cEssa destina\u00e7\u00e3o parte da conscientiza\u00e7\u00e3o dos empres\u00e1rios, dos contadores e de toda pessoa que recolhe o imposto. Podemos aumentar muito mais esse valor, desenvolvendo uma campanha de divulga\u00e7\u00e3o mais enf\u00e1tica\u201d, ressalta Macarr\u00e3o.<br \/>\n&nbsp;<br \/>\n&nbsp;<\/p>\n","protected":false},"excerpt":{"rendered":"<p>Nove entidades v\u00e3o dividir  R$ 196.350 destinados ao Conselho Municipal dos Direitos da Crian\u00e7a e do Adolescente (Foto: Edson Denobi)<\/p>\n","protected":false},"author":4,"featured_media":4893,"comment_status":"closed","ping_status":"open","sticky":false,"template":"","format":"standard","meta":{"footnotes":""},"categories":[24],"tags":[],"class_list":["post-4889","post","type-post","status-publish","format-standard","has-post-thumbnail","hentry","category-noticias"],"acf":[],"_links":{"self":[{"href":"http:\/\/www.apucarana.pr.gov.br\/site\/wp-json\/wp\/v2\/posts\/4889","targetHints":{"allow":["GET"]}}],"collection":[{"href":"http:\/\/www.apucarana.pr.gov.br\/site\/wp-json\/wp\/v2\/posts"}],"about":[{"href":"http:\/\/www.apucarana.pr.gov.br\/site\/wp-json\/wp\/v2\/types\/post"}],"author":[{"embeddable":true,"href":"http:\/\/www.apucarana.pr.gov.br\/site\/wp-json\/wp\/v2\/users\/4"}],"replies":[{"embeddable":true,"href":"http:\/\/www.apucarana.pr.gov.br\/site\/wp-json\/wp\/v2\/comments?post=4889"}],"version-history":[{"count":1,"href":"http:\/\/www.apucarana.pr.gov.br\/site\/wp-json\/wp\/v2\/posts\/4889\/revisions"}],"predecessor-version":[{"id":102651,"href":"http:\/\/www.apucarana.pr.gov.br\/site\/wp-json\/wp\/v2\/posts\/4889\/revisions\/102651"}],"wp:featuredmedia":[{"embeddable":true,"href":"http:\/\/www.apucarana.pr.gov.br\/site\/wp-json\/"}],"wp:attachment":[{"href":"http:\/\/www.apucarana.pr.gov.br\/site\/wp-json\/wp\/v2\/media?parent=4889"}],"wp:term":[{"taxonomy":"category","embeddable":true,"href":"http:\/\/www.apucarana.pr.gov.br\/site\/wp-json\/wp\/v2\/categories?post=4889"},{"taxonomy":"post_tag","embeddable":true,"href":"http:\/\/www.apucarana.pr.gov.br\/site\/wp-json\/wp\/v2\/tags?post=4889"}],"curies":[{"name":"wp","href":"https:\/\/api.w.org\/{rel}","templated":true}]}}