{"id":4879,"date":"2016-12-22T19:01:49","date_gmt":"2016-12-22T21:01:49","guid":{"rendered":"http:\/\/172.16.0.7\/site-antigo\/?p=4879"},"modified":"2024-10-08T09:13:15","modified_gmt":"2024-10-08T12:13:15","slug":"prefeitura-abre-licitacao-para-reforma-da-escola-mateus-leme","status":"publish","type":"post","link":"http:\/\/www.apucarana.pr.gov.br\/site\/prefeitura-abre-licitacao-para-reforma-da-escola-mateus-leme\/","title":{"rendered":"Prefeitura abre licita\u00e7\u00e3o para reforma da Escola Mateus Leme"},"content":{"rendered":"<p>Quatro dias depois da queda de uma \u00e1rvore causar estragos de grande monta na Escola Municipal Mateus Leme, o prefeito Beto Preto autorizou hoje (22) a abertura do processo licitat\u00f3rio para realizar uma ampla reforma no estabelecimento de ensino. O valor previsto da obra, com recursos pr\u00f3prios do munic\u00edpio, \u00e9 da ordem de R$ 506.288,76.<br \/>\nBeto Preto destacou que a licita\u00e7\u00e3o ser\u00e1 conduzida em car\u00e1ter de emerg\u00eancia e deve estar conclu\u00edda em 30 dias para o in\u00edcio imediato das obras. \u201cA Escola Mateus Leme tinha recebido melhorias recentemente, mas agora vamos fazer uma ampla reforma, garantindo o conforto, mas, sobretudo, a seguran\u00e7a dos alunos. Quando assumimos os 60 pr\u00e9dios escolares da rede municipal n\u00e3o tinham alvar\u00e1 dos bombeiros e agora estamos com essa irregularidade praticamente zerada\u201d, observou Beto Preto.<br \/>\nA diretora da Mateus Leme, Silvia Regina Miranda, deu \u00eanfase a grande mobiliza\u00e7\u00e3o da prefeitura em atender a ocorr\u00eancia e adotar as medidas necess\u00e1rias o mais r\u00e1pido poss\u00edvel. \u201cFiquei muito triste ao ver o grande estrago que a queda da \u00e1rvore ocorrida durante o vendaval do \u00faltimo domingo causou a minha escola, mas me senti confortada pelo apoio das equipes da Autarquia de Educa\u00e7\u00e3o, das secretarias de Obras e de Servi\u00e7os P\u00fablicos, entre outras, que n\u00e3o mediram esfor\u00e7os em amenizar a situa\u00e7\u00e3o\u201d, disse Silvia.<br \/>\nSegundo a engenheira civil da Autarquia Municipal de Educa\u00e7\u00e3o, Miriam Corbacho a reforma da escola tem prazo de execu\u00e7\u00e3o de 120 dias. A obra prev\u00ea a troca de toda estrutura met\u00e1lica do telhado e da cobertura da escola; constru\u00e7\u00e3o das paredes de tr\u00eas salas de aulas e do muro; substitui\u00e7\u00e3o de toda rede el\u00e9trica do estabelecimento; melhoria no refeit\u00f3rio; troca de piso de cinco salas de aula; reforma de dois sanit\u00e1rios; pintura, entre outros servi\u00e7os.<br \/>\nA presidente da Autarquia Municipal de Educa\u00e7\u00e3o, Marli Fernandes, lembrou que o ano letivo dos 350 alunos da Escola Mateus Leme n\u00e3o ser\u00e1 prejudicado pela reforma. \u201cVamos fazer adequa\u00e7\u00f5es do per\u00edodo integral para o parcial. O estudo dos nossos alunos n\u00e3o ser\u00e1 prejudicado e temos que agradecer a Deus que a queda da \u00e1rvore tenha ocorrido num per\u00edodo de f\u00e9rias, sem colocar em risco os alunos e professores\u201d, observou Marli.<br \/>\nOs estragos na Escola Municipal Mateus Leme, situada na Rua Nova Ucr\u00e2nia, ao lado do Cemit\u00e9rio Cristo Rei foram causados por um temporal da noite de domingo passado. Um eucalipto de grande porte caiu sobre o muro do cemit\u00e9rio e o teto da escola, destruindo tr\u00eas salas de aula e gerando danos no sistema el\u00e9trico, entre outros preju\u00edzos.<\/p>\n","protected":false},"excerpt":{"rendered":"<p>Obra ser\u00e1 executada com recursos pr\u00f3prios do munic\u00edpio da ordem de R$ 506.288,76 (Fotos &#8211; Profeta)<\/p>\n","protected":false},"author":4,"featured_media":4880,"comment_status":"closed","ping_status":"open","sticky":false,"template":"","format":"standard","meta":{"footnotes":""},"categories":[24],"tags":[],"class_list":["post-4879","post","type-post","status-publish","format-standard","has-post-thumbnail","hentry","category-noticias"],"acf":[],"_links":{"self":[{"href":"http:\/\/www.apucarana.pr.gov.br\/site\/wp-json\/wp\/v2\/posts\/4879","targetHints":{"allow":["GET"]}}],"collection":[{"href":"http:\/\/www.apucarana.pr.gov.br\/site\/wp-json\/wp\/v2\/posts"}],"about":[{"href":"http:\/\/www.apucarana.pr.gov.br\/site\/wp-json\/wp\/v2\/types\/post"}],"author":[{"embeddable":true,"href":"http:\/\/www.apucarana.pr.gov.br\/site\/wp-json\/wp\/v2\/users\/4"}],"replies":[{"embeddable":true,"href":"http:\/\/www.apucarana.pr.gov.br\/site\/wp-json\/wp\/v2\/comments?post=4879"}],"version-history":[{"count":1,"href":"http:\/\/www.apucarana.pr.gov.br\/site\/wp-json\/wp\/v2\/posts\/4879\/revisions"}],"predecessor-version":[{"id":102652,"href":"http:\/\/www.apucarana.pr.gov.br\/site\/wp-json\/wp\/v2\/posts\/4879\/revisions\/102652"}],"wp:featuredmedia":[{"embeddable":true,"href":"http:\/\/www.apucarana.pr.gov.br\/site\/wp-json\/"}],"wp:attachment":[{"href":"http:\/\/www.apucarana.pr.gov.br\/site\/wp-json\/wp\/v2\/media?parent=4879"}],"wp:term":[{"taxonomy":"category","embeddable":true,"href":"http:\/\/www.apucarana.pr.gov.br\/site\/wp-json\/wp\/v2\/categories?post=4879"},{"taxonomy":"post_tag","embeddable":true,"href":"http:\/\/www.apucarana.pr.gov.br\/site\/wp-json\/wp\/v2\/tags?post=4879"}],"curies":[{"name":"wp","href":"https:\/\/api.w.org\/{rel}","templated":true}]}}