{"id":4868,"date":"2016-12-22T16:53:40","date_gmt":"2016-12-22T18:53:40","guid":{"rendered":"http:\/\/172.16.0.7\/site-antigo\/?p=4868"},"modified":"2024-10-08T09:13:15","modified_gmt":"2024-10-08T12:13:15","slug":"autarquia-adquire-novos-equipamentos-e-veiculos","status":"publish","type":"post","link":"http:\/\/www.apucarana.pr.gov.br\/site\/autarquia-adquire-novos-equipamentos-e-veiculos\/","title":{"rendered":"Autarquia adquire novos equipamentos e ve\u00edculos"},"content":{"rendered":"<p>&nbsp;<br \/>\nCom recursos superiores a R$ 1 milh\u00e3o, oriundos de emendas parlamentares, a Autarquia Municipal de Sa\u00fade de Apucarana concluiu a compra de equipamentos a serem distribu\u00eddos na rede de aten\u00e7\u00e3o b\u00e1sica. Na pr\u00f3xima semana ser\u00e3o distribu\u00eddos 18 autoclave na rede de UBSs, com investimentos de R$ 800 mil de emendas parlamentares. Ao mesmo tempo, come\u00e7am a chegar 12 geladeiras para as salas de vacinas, al\u00e9m de tr\u00eas novos ve\u00edculos para a Estrat\u00e9gia Sa\u00fade da Fam\u00edlia, no montante de R$ 250 mil.<br \/>\nOs autoclaves foram entregues \u00e0 Autarquia Municipal de Sa\u00fade e na pr\u00f3xima semana os t\u00e9cnicos come\u00e7am a instal\u00e1-los nas UBSs. Os equipamentos, adquiridos a partir de emendas do senador Roberto Requi\u00e3o e deputado federal Alfredo Kaefer, ser\u00e3o utilizados nos consult\u00f3rios dent\u00e1rios e ambulat\u00f3rios m\u00e9dicos. A emenda do deputado federal \u00canio Verri, de R$ 250 mil, ser\u00e1 aplicada na compra de ve\u00edculos para a ESF e das geladeiras, com capacidade de armazenagem de 120 litros, seguir\u00e3o para as unidades de sa\u00fade que disp\u00f5e de sala de vacinas.<br \/>\n\u201cA atua\u00e7\u00e3o dos parlamentares, na defesa dos interesses de Apucarana junto ao Governo Federal, \u00e9 fundamental para a manuten\u00e7\u00e3o de um atendimento da popula\u00e7\u00e3o na \u00e1rea de sa\u00fade\u201d, afirma o prefeito Beto Preto. De acordo com o prefeito, este novo lote de equipamentos proporcionar\u00e1 maior seguran\u00e7a aos profissionais que atuam na aten\u00e7\u00e3o b\u00e1sica e tamb\u00e9m aos usu\u00e1rios do sistema \u00fanico de sa\u00fade.<br \/>\nFROTA \u2013 Com a aquisi\u00e7\u00e3o dos tr\u00eas novos ve\u00edculos para a Estrat\u00e9gia Sa\u00fade da Fam\u00edlia, a Autarquia Municipal de Sa\u00fade completa os quatro anos da administra\u00e7\u00e3o Beto Preto com a renova\u00e7\u00e3o da frota. Ao todo, foram adquiridos 20 ve\u00edculos com recursos pr\u00f3prios e emendas parlamentares, totalizando R$ 1.180.902,00. Na avalia\u00e7\u00e3o do vice-presidente da AMS, Em\u00edlio Bachiega, est\u00e1 renova\u00e7\u00e3o tem resultado em economia para os cofres p\u00fablicos, com a redu\u00e7\u00e3o no consumo de combust\u00edveis e nos custos de manuten\u00e7\u00e3o. \u201cQuanto maior o tempo de uso dos ve\u00edculos, maior \u00e9 o desgaste e, por conseguinte, de despesas para manuten\u00e7\u00e3o e conserva\u00e7\u00e3o\u201d, explica Bachiega. Ele complementa que ve\u00edculos em melhores condi\u00e7\u00f5es de uso oferecem seguran\u00e7a no transporte de pacientes e servidores da Autarquia de Sa\u00fade.<\/p>\n","protected":false},"excerpt":{"rendered":"<p>Unidades de sa\u00fade recebem autoclave para esteriliza\u00e7\u00e3o de materiais odontol\u00f3gicos e m\u00e9dicos-hospitalares (Foto: Edson Denobi)<\/p>\n","protected":false},"author":4,"featured_media":4869,"comment_status":"closed","ping_status":"open","sticky":false,"template":"","format":"standard","meta":{"footnotes":""},"categories":[24],"tags":[],"class_list":["post-4868","post","type-post","status-publish","format-standard","has-post-thumbnail","hentry","category-noticias"],"acf":[],"_links":{"self":[{"href":"http:\/\/www.apucarana.pr.gov.br\/site\/wp-json\/wp\/v2\/posts\/4868","targetHints":{"allow":["GET"]}}],"collection":[{"href":"http:\/\/www.apucarana.pr.gov.br\/site\/wp-json\/wp\/v2\/posts"}],"about":[{"href":"http:\/\/www.apucarana.pr.gov.br\/site\/wp-json\/wp\/v2\/types\/post"}],"author":[{"embeddable":true,"href":"http:\/\/www.apucarana.pr.gov.br\/site\/wp-json\/wp\/v2\/users\/4"}],"replies":[{"embeddable":true,"href":"http:\/\/www.apucarana.pr.gov.br\/site\/wp-json\/wp\/v2\/comments?post=4868"}],"version-history":[{"count":1,"href":"http:\/\/www.apucarana.pr.gov.br\/site\/wp-json\/wp\/v2\/posts\/4868\/revisions"}],"predecessor-version":[{"id":102653,"href":"http:\/\/www.apucarana.pr.gov.br\/site\/wp-json\/wp\/v2\/posts\/4868\/revisions\/102653"}],"wp:featuredmedia":[{"embeddable":true,"href":"http:\/\/www.apucarana.pr.gov.br\/site\/wp-json\/"}],"wp:attachment":[{"href":"http:\/\/www.apucarana.pr.gov.br\/site\/wp-json\/wp\/v2\/media?parent=4868"}],"wp:term":[{"taxonomy":"category","embeddable":true,"href":"http:\/\/www.apucarana.pr.gov.br\/site\/wp-json\/wp\/v2\/categories?post=4868"},{"taxonomy":"post_tag","embeddable":true,"href":"http:\/\/www.apucarana.pr.gov.br\/site\/wp-json\/wp\/v2\/tags?post=4868"}],"curies":[{"name":"wp","href":"https:\/\/api.w.org\/{rel}","templated":true}]}}