{"id":4850,"date":"2016-12-19T19:19:39","date_gmt":"2016-12-19T21:19:39","guid":{"rendered":"http:\/\/172.16.0.7\/site-antigo\/?p=4850"},"modified":"2024-10-08T09:13:15","modified_gmt":"2024-10-08T12:13:15","slug":"queda-de-arvore-causa-danos-em-escola-publica","status":"publish","type":"post","link":"http:\/\/www.apucarana.pr.gov.br\/site\/queda-de-arvore-causa-danos-em-escola-publica\/","title":{"rendered":"Queda de \u00e1rvore causa danos em escola p\u00fablica"},"content":{"rendered":"<p>O temporal da noite de domingo causou estragos de grande monta na Escola Municipal Mateus Leme, situada na Rua Nova Ucr\u00e2nia, ao lado do Cemit\u00e9rio Cristo Rei. Um eucalipto de grande porte caiu sobre o muro do cemit\u00e9rio e o teto da escola, destruindo tr\u00eas salas de aula e gerando danos no sistema el\u00e9trico.<br \/>\nO prefeito Beto Preto e a secret\u00e1ria de educa\u00e7\u00e3o, professora Marli Fernandes, acompanharam na manh\u00e3 desta segunda-feira, a remo\u00e7\u00e3o de destro\u00e7os e limpeza de toda \u00e1rea tingida. \u201cSer\u00e1 preciso reconstruir toda a cobertura da Escola Mateus Leme, incluindo o forro, madeiramento de sustenta\u00e7\u00e3o e troca do telhado de seis salas de aula\u201d, avaliou o prefeito Beto Preto, estimando o custo em cerca de R$ 400 mil.<br \/>\nA secret\u00e1ria Marli Fernandes disse que, felizmente, as 350 crian\u00e7as matriculadas na escola e mais 20 professores j\u00e1 estavam em per\u00edodo de f\u00e9rias. \u201cTivemos apenas preju\u00edzos materiais\u201d, assinala a secret\u00e1ria. Ela anunciou que um processo de licita\u00e7\u00e3o ser\u00e1 aberto de imediato para a contrata\u00e7\u00e3o de empresa para promover os reparos necess\u00e1rios.<br \/>\nPor medida de seguran\u00e7a, foi determinado o imediato abate de mais alguns eucaliptos de grande porte existentes no terreno do cemit\u00e9rio e mais uma paineira na \u00e1rea frontal da escola.<br \/>\nA situa\u00e7\u00e3o foi notada somente na manh\u00e3 desta segunda-feira, quando funcion\u00e1rios chegaram para trabalhar. A \u00e1rvore de grande porte quebrou o muro, destelhou a escola e atingiu tr\u00eas salas de aula, causando diversos preju\u00edzos.<\/p>\n","protected":false},"excerpt":{"rendered":"<p>Laudo preliminar indica que ser\u00e3o necess\u00e1rios cerca de R$ 400 mil para reparar o pr\u00e9dio (Fotos &#8211; Profeta)<\/p>\n","protected":false},"author":4,"featured_media":4851,"comment_status":"closed","ping_status":"open","sticky":false,"template":"","format":"standard","meta":{"footnotes":""},"categories":[24],"tags":[],"class_list":["post-4850","post","type-post","status-publish","format-standard","has-post-thumbnail","hentry","category-noticias"],"acf":[],"_links":{"self":[{"href":"http:\/\/www.apucarana.pr.gov.br\/site\/wp-json\/wp\/v2\/posts\/4850","targetHints":{"allow":["GET"]}}],"collection":[{"href":"http:\/\/www.apucarana.pr.gov.br\/site\/wp-json\/wp\/v2\/posts"}],"about":[{"href":"http:\/\/www.apucarana.pr.gov.br\/site\/wp-json\/wp\/v2\/types\/post"}],"author":[{"embeddable":true,"href":"http:\/\/www.apucarana.pr.gov.br\/site\/wp-json\/wp\/v2\/users\/4"}],"replies":[{"embeddable":true,"href":"http:\/\/www.apucarana.pr.gov.br\/site\/wp-json\/wp\/v2\/comments?post=4850"}],"version-history":[{"count":1,"href":"http:\/\/www.apucarana.pr.gov.br\/site\/wp-json\/wp\/v2\/posts\/4850\/revisions"}],"predecessor-version":[{"id":102656,"href":"http:\/\/www.apucarana.pr.gov.br\/site\/wp-json\/wp\/v2\/posts\/4850\/revisions\/102656"}],"wp:featuredmedia":[{"embeddable":true,"href":"http:\/\/www.apucarana.pr.gov.br\/site\/wp-json\/"}],"wp:attachment":[{"href":"http:\/\/www.apucarana.pr.gov.br\/site\/wp-json\/wp\/v2\/media?parent=4850"}],"wp:term":[{"taxonomy":"category","embeddable":true,"href":"http:\/\/www.apucarana.pr.gov.br\/site\/wp-json\/wp\/v2\/categories?post=4850"},{"taxonomy":"post_tag","embeddable":true,"href":"http:\/\/www.apucarana.pr.gov.br\/site\/wp-json\/wp\/v2\/tags?post=4850"}],"curies":[{"name":"wp","href":"https:\/\/api.w.org\/{rel}","templated":true}]}}