{"id":4792,"date":"2016-12-16T08:12:48","date_gmt":"2016-12-16T10:12:48","guid":{"rendered":"http:\/\/172.16.0.7\/site-antigo\/?p=4792"},"modified":"2024-10-08T09:13:16","modified_gmt":"2024-10-08T12:13:16","slug":"prefeito-discute-parcerias-com-a-assessoria-de-requiao","status":"publish","type":"post","link":"http:\/\/www.apucarana.pr.gov.br\/site\/prefeito-discute-parcerias-com-a-assessoria-de-requiao\/","title":{"rendered":"Prefeito discute parcerias com a assessoria de Requi\u00e3o"},"content":{"rendered":"<p>A fam\u00edlia Requi\u00e3o liberou, atrav\u00e9s do senador Roberto Requi\u00e3o e do deputado estadual Requi\u00e3o Filho, cerca de R$ 1,7 milh\u00e3o para Apucarana nos \u00faltimos quatro anos. O balan\u00e7o foi feito nesta quinta-feira (15\/12), durante reuni\u00e3o no gabinete municipal entre o prefeito Beto Preto e a assessoria parlamentar dos agentes pol\u00edticos. Na oportunidade, tamb\u00e9m foram discutidas novas parcerias, visando a libera\u00e7\u00e3o de mais recursos para o pr\u00f3ximo mandato (2017\/2020).<br \/>\nParticiparam do encontro Rodrigo Maur\u00edcio da Cruz e Luiz Gustavo Petrini Polati, assessores parlamentares do deputado estadual Requi\u00e3o Filho, al\u00e9m do assessor jur\u00eddico da C\u00e2mara de Vereadores, Petr\u00f4nio Cardoso, do Procurador Jur\u00eddico do Munic\u00edpio, Paulo Vital, e do secret\u00e1rio municipal de Governo, pastor Othoniel Gon\u00e7alves.<br \/>\nBeto Preto lembrou que um dos recursos mais recentes liberados levar\u00e1 o recape asf\u00e1ltico ao N\u00facleo Habitacional Am\u00e9lia Moraes (Mutir\u00e3o) e do Loteamento Porto Seguro, no Distrito de Pirap\u00f3. \u201cAutorizei a abertura do processo licitat\u00f3rio na semana passada. S\u00e3o R$ 305 mil que ser\u00e3o aplicados para recapear uma \u00e1rea de 8 mil metros quadrados sobre pedras irregulares\u201d, informa Beto Preto.<br \/>\nO prefeito afirma que a parceria com a fam\u00edlia Requi\u00e3o vem beneficiando tamb\u00e9m outras \u00e1reas, como a sa\u00fade, com a aquisi\u00e7\u00e3o de equipamentos e a reforma de unidades b\u00e1sicas de sa\u00fade. \u201c\u00c9 uma continuidade de servi\u00e7os que v\u00eam sendo prestados para Apucarana e ficamos muito agradecidos \u00e0 fam\u00edlia Requi\u00e3o\u201d, reitera Beto Preto.<br \/>\nO pastor Othoniel Gon\u00e7alves lembrou do seu colega pastor Elias Abrah\u00e3o, que foi secret\u00e1rio estadual de Educa\u00e7\u00e3o no mandado do governador Roberto Requi\u00e3o e que posteriormente, enquanto cumpria o mandato de deputado, acabou falecendo em um acidente de tr\u00e2nsito.<br \/>\nOs assessores parlamentares, por sua vez, destacaram que a reuni\u00e3o foi tamb\u00e9m uma oportunidade para ampliar a parceria. \u201cViemos trazer a mensagem do senador e do deputado, dizendo que as portas est\u00e3o sempre abertas. Aproveitamos o encontro, inclusive, para discutir projetos futuros, alinhavando a libera\u00e7\u00e3o de novas emendas\u00a0 para Apucarana\u201d, acrescenta o assessor parlamentar Rodrigo Maur\u00edcio da Cruz.<\/p>\n","protected":false},"excerpt":{"rendered":"<p>Emendas parlamentares garantiram cerca de R$ 1,7 milh\u00e3o para Apucarana nos \u00faltimos quatro anos (Fotos: Edson Denobi)<\/p>\n","protected":false},"author":4,"featured_media":4793,"comment_status":"closed","ping_status":"open","sticky":false,"template":"","format":"standard","meta":{"footnotes":""},"categories":[24],"tags":[],"class_list":["post-4792","post","type-post","status-publish","format-standard","has-post-thumbnail","hentry","category-noticias"],"acf":[],"_links":{"self":[{"href":"http:\/\/www.apucarana.pr.gov.br\/site\/wp-json\/wp\/v2\/posts\/4792","targetHints":{"allow":["GET"]}}],"collection":[{"href":"http:\/\/www.apucarana.pr.gov.br\/site\/wp-json\/wp\/v2\/posts"}],"about":[{"href":"http:\/\/www.apucarana.pr.gov.br\/site\/wp-json\/wp\/v2\/types\/post"}],"author":[{"embeddable":true,"href":"http:\/\/www.apucarana.pr.gov.br\/site\/wp-json\/wp\/v2\/users\/4"}],"replies":[{"embeddable":true,"href":"http:\/\/www.apucarana.pr.gov.br\/site\/wp-json\/wp\/v2\/comments?post=4792"}],"version-history":[{"count":1,"href":"http:\/\/www.apucarana.pr.gov.br\/site\/wp-json\/wp\/v2\/posts\/4792\/revisions"}],"predecessor-version":[{"id":102663,"href":"http:\/\/www.apucarana.pr.gov.br\/site\/wp-json\/wp\/v2\/posts\/4792\/revisions\/102663"}],"wp:featuredmedia":[{"embeddable":true,"href":"http:\/\/www.apucarana.pr.gov.br\/site\/wp-json\/"}],"wp:attachment":[{"href":"http:\/\/www.apucarana.pr.gov.br\/site\/wp-json\/wp\/v2\/media?parent=4792"}],"wp:term":[{"taxonomy":"category","embeddable":true,"href":"http:\/\/www.apucarana.pr.gov.br\/site\/wp-json\/wp\/v2\/categories?post=4792"},{"taxonomy":"post_tag","embeddable":true,"href":"http:\/\/www.apucarana.pr.gov.br\/site\/wp-json\/wp\/v2\/tags?post=4792"}],"curies":[{"name":"wp","href":"https:\/\/api.w.org\/{rel}","templated":true}]}}