{"id":4765,"date":"2016-12-14T15:05:53","date_gmt":"2016-12-14T17:05:53","guid":{"rendered":"http:\/\/172.16.0.7\/site-antigo\/?p=4765"},"modified":"2024-10-08T09:13:16","modified_gmt":"2024-10-08T12:13:16","slug":"cantata-de-natal-emociona-publico-na-praca-rui-barbosa","status":"publish","type":"post","link":"http:\/\/www.apucarana.pr.gov.br\/site\/cantata-de-natal-emociona-publico-na-praca-rui-barbosa\/","title":{"rendered":"Cantata de Natal emociona p\u00fablico na Pra\u00e7a Rui Barbosa"},"content":{"rendered":"<p>\u201cA apresenta\u00e7\u00e3o foi maravilhosa, eu estou emocionado at\u00e9 agora. Todas as crian\u00e7as estavam muito bem ensaiadas.\u201d Com estas palavras, o senhor \u00cdtes Alves dos Santos, pai da aluna Ingrid, de 10 anos, definiu a cantata Um Natal de Luz, apresentada na noite de ontem (13\/12), na Pra\u00e7a Rui Barbosa.<br \/>\n&nbsp;<br \/>\nO evento lotou o entorno do pr\u00e9dio da Universidade Aberta do Brasil (UAB) com familiares, amigos e populares que prestigiaram as apresenta\u00e7\u00f5es musicais, realizadas com a participa\u00e7\u00e3o de aproximadamente 400 alunos da rede municipal de ensino.<br \/>\n&nbsp;<br \/>\nOs ensaios para a cantata come\u00e7aram ainda no m\u00eas de setembro. \u201cOs mais de oito mil alunos das 37 escolas municipais aprenderam as can\u00e7\u00f5es que foram interpretadas hoje. O nosso objetivo era levar o clima natalino para dentro das salas de aula. Entretanto, n\u00f3s tivemos que escolher apenas algumas crian\u00e7as de cada institui\u00e7\u00e3o para a apresenta\u00e7\u00e3o, porque n\u00e3o caberiam todos os alunos da rede municipal aqui,\u201d explicou a professora Maria de Lourdes Gon\u00e7alves Correia, da academia de M\u00fasica Johann Sebastian Bach.<br \/>\n&nbsp;<br \/>\nAs aulas de musicaliza\u00e7\u00e3o fazem parte do curr\u00edculo unificado das escolas municipais apucaranenses. \u201cAl\u00e9m deste, n\u00f3s temos outros grandes projetos que s\u00e3o desenvolvidos por parceiros nas unidades de ensino, como as oficinas de express\u00e3o corporal, artes marciais e atletismo. \u00c9 uma vasta programa\u00e7\u00e3o cultural e de esportes para dar a oportunidade aos alunos de terem um desenvolvimento integral,\u201d explicou a secret\u00e1ria de educa\u00e7\u00e3o Marli Fernandes.<br \/>\n&nbsp;<br \/>\nA apresenta\u00e7\u00e3o de ontem foi a terceira edi\u00e7\u00e3o da Cantata de Natal das escolas municipais. \u201cN\u00f3s come\u00e7amos a organizar essa apresenta\u00e7\u00e3o em 2014 para mostrar aos pais um pouco daquilo que seus filhos aprendem em sala de aula. Mas percebemos que muitas pessoas n\u00e3o s\u00e3o ligadas \u00e0 comunidade escolar tamb\u00e9m est\u00e3o prestigiando os nossos alunos, porque a cantata \u00e9 divulgada de boca em boca no com\u00e9rcio e os apucaranenses est\u00e3o adquirindo o h\u00e1bito de vir assistir. Est\u00e1 virando tradi\u00e7\u00e3o,\u201d concluiu.<\/p>\n","protected":false},"excerpt":{"rendered":"<p>O espet\u00e1culo intitulado \u201cUm Natal de Luz\u201d reuniu aproximadamente 400 alunos da rede municipal apucaranense. Fotos: Profeta<\/p>\n","protected":false},"author":4,"featured_media":4766,"comment_status":"closed","ping_status":"open","sticky":false,"template":"","format":"standard","meta":{"footnotes":""},"categories":[24],"tags":[],"class_list":["post-4765","post","type-post","status-publish","format-standard","has-post-thumbnail","hentry","category-noticias"],"acf":[],"_links":{"self":[{"href":"http:\/\/www.apucarana.pr.gov.br\/site\/wp-json\/wp\/v2\/posts\/4765","targetHints":{"allow":["GET"]}}],"collection":[{"href":"http:\/\/www.apucarana.pr.gov.br\/site\/wp-json\/wp\/v2\/posts"}],"about":[{"href":"http:\/\/www.apucarana.pr.gov.br\/site\/wp-json\/wp\/v2\/types\/post"}],"author":[{"embeddable":true,"href":"http:\/\/www.apucarana.pr.gov.br\/site\/wp-json\/wp\/v2\/users\/4"}],"replies":[{"embeddable":true,"href":"http:\/\/www.apucarana.pr.gov.br\/site\/wp-json\/wp\/v2\/comments?post=4765"}],"version-history":[{"count":1,"href":"http:\/\/www.apucarana.pr.gov.br\/site\/wp-json\/wp\/v2\/posts\/4765\/revisions"}],"predecessor-version":[{"id":102666,"href":"http:\/\/www.apucarana.pr.gov.br\/site\/wp-json\/wp\/v2\/posts\/4765\/revisions\/102666"}],"wp:featuredmedia":[{"embeddable":true,"href":"http:\/\/www.apucarana.pr.gov.br\/site\/wp-json\/"}],"wp:attachment":[{"href":"http:\/\/www.apucarana.pr.gov.br\/site\/wp-json\/wp\/v2\/media?parent=4765"}],"wp:term":[{"taxonomy":"category","embeddable":true,"href":"http:\/\/www.apucarana.pr.gov.br\/site\/wp-json\/wp\/v2\/categories?post=4765"},{"taxonomy":"post_tag","embeddable":true,"href":"http:\/\/www.apucarana.pr.gov.br\/site\/wp-json\/wp\/v2\/tags?post=4765"}],"curies":[{"name":"wp","href":"https:\/\/api.w.org\/{rel}","templated":true}]}}