{"id":4754,"date":"2016-12-13T21:00:56","date_gmt":"2016-12-13T23:00:56","guid":{"rendered":"http:\/\/172.16.0.7\/site-antigo\/?p=4754"},"modified":"2024-10-08T09:13:16","modified_gmt":"2024-10-08T12:13:16","slug":"apucarana-recebe-premios-com-o-economia-solidaria-e-o-terra-forte","status":"publish","type":"post","link":"http:\/\/www.apucarana.pr.gov.br\/site\/apucarana-recebe-premios-com-o-economia-solidaria-e-o-terra-forte\/","title":{"rendered":"Apucarana recebe pr\u00eamios com o  \u201cEconomia Solid\u00e1ria\u201d e o \u201cTerra Forte\u201d  \u00a0"},"content":{"rendered":"<p>&nbsp;<br \/>\nApucarana se destacou na 4\u00aa edi\u00e7\u00e3o do Pr\u00eamio Gestor P\u00fablico Paran\u00e1 (PGP) que, neste ano, teve como tema \u201cTrabalho: o munic\u00edpio promove, o estado Avan\u00e7a\u201d. A solenidade de premia\u00e7\u00e3o foi realizada na noite desta segunda-feira (12), no plen\u00e1rio da Assembleia Legislativa do Paran\u00e1, com a presen\u00e7a de deputados, secret\u00e1rios de estado, prefeitos e secret\u00e1rios municipais.<br \/>\nPromovido pelo Sindicato dos Auditores Fiscais da Receita do Estado do Paran\u00e1 (Sindafep), o pr\u00eamio\u00a0valoriza e incentiva iniciativas de gestores p\u00fablicos que trazem como resultado a melhoria da qualidade de vida da popula\u00e7\u00e3o e que servem de exemplo para todos os munic\u00edpios paranaenses. \u201cOsucesso desse trabalho reflete a dedica\u00e7\u00e3o dos auditores de todo o estado, que analisam criteriosamente a implementa\u00e7\u00e3o de boas id\u00e9ias\u201d, argumenta o presidente do Sindafep, Jos\u00e9 Carlos Carvalho.<br \/>\nNesta edi\u00e7\u00e3o foram inscritos 123 projetos nas \u00e1reas de gest\u00e3o ambiental, sa\u00fade, educa\u00e7\u00e3o, seguran\u00e7a p\u00fablica, economia, assist\u00eancia social, agricultura, cultura, administra\u00e7\u00e3o, entre outras \u00e1reas de atua\u00e7\u00e3o governamental. Quarenta e sete projetos foram selecionados como finalistas pela comiss\u00e3o julgadora, integrada por auditores fiscais do Estado.<br \/>\nA premia\u00e7\u00e3o de maior destaque desta 4\u00aa edi\u00e7\u00e3o do pr\u00eamio foi para o munic\u00edpio de Apucarana. O\u00a0prefeito Beto Preto\u00a0recebeu o trof\u00e9u \u201cPr\u00eamio Gestor P\u00fablico Especial\u201d, pelo projeto &#8220;Rede de Mulheres Solid\u00e1rias e Protagonismo Feminino&#8221;. E o\u00a0Programa Terra Forte, desenvolvido pela Prefeitura de Apucarana, por meio da Secretaria da Agricultura, tamb\u00e9m foi premiado na categoria de projetos voltados para a agricultura.<br \/>\nO prefeito Beto Preto diz que foi uma honra para Apucarana e tamb\u00e9m para a sua gest\u00e3o, ter estes dois programas contemplados no renomado pr\u00eamio do Sindafep. \u201cA avalia\u00e7\u00e3o no concurso \u00e9 bastante rigorosa e isso valorizou ainda mais os nossos programas e os resultados alcan\u00e7ados\u201d, salientou Beto Preto.<br \/>\nDenize Canesin Machado, da Secretaria da Mulher; e Luiz Porto, da Secretaria da Agricultura, relataram que ap\u00f3s a inscri\u00e7\u00e3o dos programas houve um rigoroso processo de checagem. \u201cIsso ocorreu durante algumas semanas com auditores aferindo os programas com os gestores e com as pessoas participantes ou beneficiadas\u201d, assinala Denize Canesin.<br \/>\nLuiz Porto lembra que ele e t\u00e9cnicos do \u201cTerra Forte\u201d foram sabatinados durante tr\u00eas horas por seis auditores do Sindafep, em evento de avalia\u00e7\u00e3o realizado em Maring\u00e1. \u201cOs auditores tamb\u00e9m visitaram propriet\u00e1rios rurais que aderiram ao Terra Forte e as \u00e1reas de fruticultura formadas atrav\u00e9s do programa\u201d, relatou Porto.<br \/>\n<strong>Economia Solid\u00e1ria viabiliza\u00a0<\/strong><strong>trabalho, emprego e renda<\/strong><br \/>\nApucarana criou a Lei Municipal da Economia Solid\u00e1ria, incentivando a participa\u00e7\u00e3o de mulheres em grupos de produ\u00e7\u00e3o coletiva. Organizadas em rede, elas criaram diversos empreendimentos, abrindo alternativas de trabalho, emprego e renda. Com o apoio do Munic\u00edpio foi viabilizado um centro de comercializa\u00e7\u00e3o dos produtos, que tamb\u00e9m chegam aos consumidores atrav\u00e9s de feiras. As participantes s\u00e3o oriundas de diversos bairros e os grupos s\u00e3o capacitados tendo como foco o processo de autonomia e empoderamento feminino. A iniciativa \u00e9 desenvolvida pela Secretaria da Mulher e Assuntos da Fam\u00edlia, com o apoio do Conselho Municipal de Economia Solid\u00e1ria e de diversas institui\u00e7\u00f5es.<br \/>\n<strong>Terra Forte contempla agricultura<\/strong><strong>familiar e enriquece merenda escolar<\/strong><br \/>\nO \u201cTerra Forte\u201d contempla a agricultura familiar. Os produtores rurais assinam termos de coopera\u00e7\u00e3o t\u00e9cnica com o Munic\u00edpio, visando \u00e0 fertiliza\u00e7\u00e3o do solo. A Prefeitura, atrav\u00e9s da Secretaria Municipal de Agricultura, compra os insumos (calc\u00e1rio e fosfato) necess\u00e1rios para o desenvolvimento da atividade e os repassa sem custos aos agricultores familiares. Na seq\u00fc\u00eancia s\u00e3o entregues mudas selecionadas de diversas variedades, al\u00e9m da disponibiliza\u00e7\u00e3o de assist\u00eancia t\u00e9cnica especializada.<br \/>\nEm contrapartida aos incentivos recebidos, cada produtor entrega parte da sua produ\u00e7\u00e3o ao Munic\u00edpio, contribuindo para enriquecer o card\u00e1pio da merenda escolar em toda a rede municipal. O programa j\u00e1 viabilizou o cultivo de uva, maracuj\u00e1, goiaba, morango, figo, caqui, banana e manga. A partir de 2017 ser\u00e1 incorporado o abacate e a tem\u00f3ia.<br \/>\n&nbsp;<\/p>\n","protected":false},"excerpt":{"rendered":"<p>Programa da Secretaria da Mulher foi o vencedor geral do Pr\u00eamio Gestor P\u00fablico do Paran\u00e1, promovido pelo Sindafep<\/p>\n","protected":false},"author":4,"featured_media":4755,"comment_status":"closed","ping_status":"open","sticky":false,"template":"","format":"standard","meta":{"footnotes":""},"categories":[24],"tags":[],"class_list":["post-4754","post","type-post","status-publish","format-standard","has-post-thumbnail","hentry","category-noticias"],"acf":[],"_links":{"self":[{"href":"http:\/\/www.apucarana.pr.gov.br\/site\/wp-json\/wp\/v2\/posts\/4754","targetHints":{"allow":["GET"]}}],"collection":[{"href":"http:\/\/www.apucarana.pr.gov.br\/site\/wp-json\/wp\/v2\/posts"}],"about":[{"href":"http:\/\/www.apucarana.pr.gov.br\/site\/wp-json\/wp\/v2\/types\/post"}],"author":[{"embeddable":true,"href":"http:\/\/www.apucarana.pr.gov.br\/site\/wp-json\/wp\/v2\/users\/4"}],"replies":[{"embeddable":true,"href":"http:\/\/www.apucarana.pr.gov.br\/site\/wp-json\/wp\/v2\/comments?post=4754"}],"version-history":[{"count":1,"href":"http:\/\/www.apucarana.pr.gov.br\/site\/wp-json\/wp\/v2\/posts\/4754\/revisions"}],"predecessor-version":[{"id":102667,"href":"http:\/\/www.apucarana.pr.gov.br\/site\/wp-json\/wp\/v2\/posts\/4754\/revisions\/102667"}],"wp:featuredmedia":[{"embeddable":true,"href":"http:\/\/www.apucarana.pr.gov.br\/site\/wp-json\/"}],"wp:attachment":[{"href":"http:\/\/www.apucarana.pr.gov.br\/site\/wp-json\/wp\/v2\/media?parent=4754"}],"wp:term":[{"taxonomy":"category","embeddable":true,"href":"http:\/\/www.apucarana.pr.gov.br\/site\/wp-json\/wp\/v2\/categories?post=4754"},{"taxonomy":"post_tag","embeddable":true,"href":"http:\/\/www.apucarana.pr.gov.br\/site\/wp-json\/wp\/v2\/tags?post=4754"}],"curies":[{"name":"wp","href":"https:\/\/api.w.org\/{rel}","templated":true}]}}