{"id":4736,"date":"2016-12-13T10:41:20","date_gmt":"2016-12-13T12:41:20","guid":{"rendered":"http:\/\/172.16.0.7\/site-antigo\/?p=4736"},"modified":"2024-10-08T09:13:16","modified_gmt":"2024-10-08T12:13:16","slug":"tecnicos-implantam-prontuario-eletronico","status":"publish","type":"post","link":"http:\/\/www.apucarana.pr.gov.br\/site\/tecnicos-implantam-prontuario-eletronico\/","title":{"rendered":"T\u00e9cnicos implantam prontu\u00e1rio eletr\u00f4nico"},"content":{"rendered":"<p>T\u00e9cnicos do Departamento de Tecnologia e Informa\u00e7\u00e3o (DTI) da Autarquia Municipal de Sa\u00fade de Apucarana est\u00e3o trabalhando para consolidar a implanta\u00e7\u00e3o do Prontu\u00e1rio Eletr\u00f4nico do Cidad\u00e3o, seguindo determina\u00e7\u00e3o do Minist\u00e9rio da Sa\u00fade. Em um primeiro momento, m\u00e9dicos e profissionais de seis unidades de sa\u00fade utilizar\u00e3o a plataforma digital e os treinamentos j\u00e1 foram iniciados. A dire\u00e7\u00e3o da AMS estima implantar em 90 dias o sistema em toda a rede de aten\u00e7\u00e3o b\u00e1sica, al\u00e9m da UPA 24 Horas, Samu, Escola da Gestante, Centro de Especialidades Odontol\u00f3gicas e M\u00e9dicas, Laborat\u00f3rio de An\u00e1lise, Centro Infantil, CAPS I e AD e Natta.<br \/>\nO vice-presidente da Autarquia, dentista Em\u00eddio Bachiega, disse hoje que duas UBS \u2013 Bolivar Pav\u00e3o (Jardim Am\u00e9rica) e Pedro Barreto (Vila Reis) \u2013 j\u00e1 utilizam o Prontu\u00e1rio Eletr\u00f4nico do Cidad\u00e3o e outras quatro \u2013 Orestes Marquito (Jardim Marissol); Osvaldo Damin (Jaboti); J\u00falia Reczkowski (Marcos Freire) e Jo\u00e3o Mariotto (Vila Formosa) \u2013 passam pelo processo de implanta\u00e7\u00e3o da plataforma. \u201cS\u00e3o algumas fases a serem completadas, desde a instala\u00e7\u00e3o do programa, adequa\u00e7\u00e3o da rede el\u00e9trica e de inform\u00e1tica, at\u00e9 o treinamento de m\u00e9dicos e profissionais que atuam na unidade\u201d, explica Bachiega.<br \/>\nConforme o planejamento do DTI, os t\u00e9cnicos prev\u00eaem que em 90 dias todos os setores da Autarquia Municipal de Sa\u00fade estar\u00e3o com a plataforma instalada e operando. O primeiro obst\u00e1culo encontrado na primeira semana, relata Bachiega, \u00e9 a dificuldade em operar o sistema. \u201cNossos colaboradores t\u00eam se empenhado para aprender rapidamente como utilizar o programa e por ser uma ferramenta nova, a grande maioria encontra dificuldades, pedindo apoio ao DTI em busca de informa\u00e7\u00f5es\u201d, frisa ele.<br \/>\nO QUE \u00c9 &#8211; O Prontu\u00e1rio Eletr\u00f4nico do Cidad\u00e3o (PEC) \u00e9 uma plataforma digital ofertada gratuitamente pelo Minist\u00e9rio da Sa\u00fade, que re\u00fane o hist\u00f3rico, os dados e os resultados de exames dos pacientes do Sistema \u00danico de Sa\u00fade (SUS), atendidos na Aten\u00e7\u00e3o B\u00e1sica. O prontu\u00e1rio tamb\u00e9m permite a verifica\u00e7\u00e3o, em tempo real, da disponibilidade de medicamentos ou mesmo o registro das visitas de agentes de sa\u00fade, melhorando o atendimento ao cidad\u00e3o. A transmiss\u00e3o 100% digital dos dados da rede municipal \u00e0 base nacional possibilita, ainda, que o Minist\u00e9rio da Sa\u00fade confira, on-line, como s\u00e3o investidos os recursos do SUS. Os munic\u00edpios tamb\u00e9m podem utilizar vers\u00f5es pr\u00f3prias ou privadas.<\/p>\n","protected":false},"excerpt":{"rendered":"<p>M\u00e9dicos e profissionais de seis unidades de sa\u00fade recebem treinamento para utiliza\u00e7\u00e3o da plataforma digital<\/p>\n","protected":false},"author":4,"featured_media":4737,"comment_status":"closed","ping_status":"open","sticky":false,"template":"","format":"standard","meta":{"footnotes":""},"categories":[24],"tags":[],"class_list":["post-4736","post","type-post","status-publish","format-standard","has-post-thumbnail","hentry","category-noticias"],"acf":[],"_links":{"self":[{"href":"http:\/\/www.apucarana.pr.gov.br\/site\/wp-json\/wp\/v2\/posts\/4736","targetHints":{"allow":["GET"]}}],"collection":[{"href":"http:\/\/www.apucarana.pr.gov.br\/site\/wp-json\/wp\/v2\/posts"}],"about":[{"href":"http:\/\/www.apucarana.pr.gov.br\/site\/wp-json\/wp\/v2\/types\/post"}],"author":[{"embeddable":true,"href":"http:\/\/www.apucarana.pr.gov.br\/site\/wp-json\/wp\/v2\/users\/4"}],"replies":[{"embeddable":true,"href":"http:\/\/www.apucarana.pr.gov.br\/site\/wp-json\/wp\/v2\/comments?post=4736"}],"version-history":[{"count":1,"href":"http:\/\/www.apucarana.pr.gov.br\/site\/wp-json\/wp\/v2\/posts\/4736\/revisions"}],"predecessor-version":[{"id":102669,"href":"http:\/\/www.apucarana.pr.gov.br\/site\/wp-json\/wp\/v2\/posts\/4736\/revisions\/102669"}],"wp:featuredmedia":[{"embeddable":true,"href":"http:\/\/www.apucarana.pr.gov.br\/site\/wp-json\/"}],"wp:attachment":[{"href":"http:\/\/www.apucarana.pr.gov.br\/site\/wp-json\/wp\/v2\/media?parent=4736"}],"wp:term":[{"taxonomy":"category","embeddable":true,"href":"http:\/\/www.apucarana.pr.gov.br\/site\/wp-json\/wp\/v2\/categories?post=4736"},{"taxonomy":"post_tag","embeddable":true,"href":"http:\/\/www.apucarana.pr.gov.br\/site\/wp-json\/wp\/v2\/tags?post=4736"}],"curies":[{"name":"wp","href":"https:\/\/api.w.org\/{rel}","templated":true}]}}