{"id":4727,"date":"2016-12-13T10:29:24","date_gmt":"2016-12-13T12:29:24","guid":{"rendered":"http:\/\/172.16.0.7\/site-antigo\/?p=4727"},"modified":"2024-10-08T09:13:16","modified_gmt":"2024-10-08T12:13:16","slug":"pavimentacao-chega-ao-jardim-marissol-ii","status":"publish","type":"post","link":"http:\/\/www.apucarana.pr.gov.br\/site\/pavimentacao-chega-ao-jardim-marissol-ii\/","title":{"rendered":"Pavimenta\u00e7\u00e3o chega ao Jardim Marissol II"},"content":{"rendered":"<p>Com a coloca\u00e7\u00e3o da capa asf\u00e1ltica, as obras de pavimenta\u00e7\u00e3o do Jardim Marissol II entram na reta final. Agora, faltar\u00e1 apenas a sinaliza\u00e7\u00e3o vi\u00e1ria e a implanta\u00e7\u00e3o das cal\u00e7adas para o cumprimento de todo o cronograma. O investimento \u00e9 de R$ 1,6 milh\u00e3o, com recursos do Minist\u00e9rio das Cidades, atrav\u00e9s do Programa de Acelera\u00e7\u00e3o do Crescimento (PAC\/Pr\u00f3-Transporte)<br \/>\nDe acordo com o engenheiro Herivelto Moreno, secret\u00e1rio municipal de Obras, foram pavimentados trechos de 14 ruas. \u201cA \u00e1rea total \u00e9 de 15 mil metros quadrados. Tendo por base a largura da rua, isso resulta em cerca de 2,2 quil\u00f4metros de asfalto novo\u201d, informa Herivelto.<br \/>\nAl\u00e9m da implanta\u00e7\u00e3o de galerias, meio-feio e capa asf\u00e1ltica que j\u00e1 foram executados, o cronograma prev\u00ea ainda o cal\u00e7amento. \u201cOs passeios ser\u00e3o implantados em \u00e1rea de 5.700 metros quadrados, com largura de 1,50 metros nos dois lados de cada rua pavimentada\u201d, observa.<br \/>\nConforme o prefeito de Apucarana, Beto Preto, o servi\u00e7o est\u00e1 sendo executado pela Weiller Constru\u00e7\u00e3o Civil Ltda, que venceu um dos tr\u00eas lotes licitados atrav\u00e9s do Pr\u00f3-Transporte, no valor total de R$ 6,3 milh\u00f5es. \u201cAl\u00e9m do Marissol II, o asfalto novo tamb\u00e9m est\u00e1 chegando a trechos dos jardins Avia\u00e7\u00e3o e Santos Dumont. S\u00e3o obras importantes, que v\u00e3o transformar a realidade desta regi\u00e3o da cidade e com um asfalto de primeira qualidade\u201d, frisa Beto Preto.<br \/>\n&nbsp;<\/p>\n","protected":false},"excerpt":{"rendered":"<p>O investimento \u00e9 de R$ 1,6 milh\u00e3o, com recursos do Minist\u00e9rio das Cidades (Foto: Edson Denobi)<\/p>\n","protected":false},"author":4,"featured_media":4730,"comment_status":"closed","ping_status":"open","sticky":false,"template":"","format":"standard","meta":{"footnotes":""},"categories":[24],"tags":[],"class_list":["post-4727","post","type-post","status-publish","format-standard","has-post-thumbnail","hentry","category-noticias"],"acf":[],"_links":{"self":[{"href":"http:\/\/www.apucarana.pr.gov.br\/site\/wp-json\/wp\/v2\/posts\/4727","targetHints":{"allow":["GET"]}}],"collection":[{"href":"http:\/\/www.apucarana.pr.gov.br\/site\/wp-json\/wp\/v2\/posts"}],"about":[{"href":"http:\/\/www.apucarana.pr.gov.br\/site\/wp-json\/wp\/v2\/types\/post"}],"author":[{"embeddable":true,"href":"http:\/\/www.apucarana.pr.gov.br\/site\/wp-json\/wp\/v2\/users\/4"}],"replies":[{"embeddable":true,"href":"http:\/\/www.apucarana.pr.gov.br\/site\/wp-json\/wp\/v2\/comments?post=4727"}],"version-history":[{"count":1,"href":"http:\/\/www.apucarana.pr.gov.br\/site\/wp-json\/wp\/v2\/posts\/4727\/revisions"}],"predecessor-version":[{"id":102670,"href":"http:\/\/www.apucarana.pr.gov.br\/site\/wp-json\/wp\/v2\/posts\/4727\/revisions\/102670"}],"wp:featuredmedia":[{"embeddable":true,"href":"http:\/\/www.apucarana.pr.gov.br\/site\/wp-json\/wp\/v2\/pages\/4730"}],"wp:attachment":[{"href":"http:\/\/www.apucarana.pr.gov.br\/site\/wp-json\/wp\/v2\/media?parent=4727"}],"wp:term":[{"taxonomy":"category","embeddable":true,"href":"http:\/\/www.apucarana.pr.gov.br\/site\/wp-json\/wp\/v2\/categories?post=4727"},{"taxonomy":"post_tag","embeddable":true,"href":"http:\/\/www.apucarana.pr.gov.br\/site\/wp-json\/wp\/v2\/tags?post=4727"}],"curies":[{"name":"wp","href":"https:\/\/api.w.org\/{rel}","templated":true}]}}