{"id":4720,"date":"2016-12-12T18:47:09","date_gmt":"2016-12-12T20:47:09","guid":{"rendered":"http:\/\/172.16.0.7\/site-antigo\/?p=4720"},"modified":"2024-10-08T09:13:16","modified_gmt":"2024-10-08T12:13:16","slug":"beto-preto-promove-audiencia-publica-hoje","status":"publish","type":"post","link":"http:\/\/www.apucarana.pr.gov.br\/site\/beto-preto-promove-audiencia-publica-hoje\/","title":{"rendered":"Beto Preto promove audi\u00eancia p\u00fablica hoje"},"content":{"rendered":"<p>A Prefeitura de Apucarana promove nesta ter\u00e7a-feira (13\/12) uma audi\u00eancia p\u00fablica com representantes de associa\u00e7\u00f5es de bairros, entidades de classe, sindicatos e outros segmentos organizados da comunidade. No evento, previsto para \u00e0s 19 horas no Clube Ucraniano,\u00a0\u00a0ser\u00e1 apresentado um v\u00eddeo com as obras, servi\u00e7os e programas desenvolvidos nesta gest\u00e3o.<br \/>\nOutro tema em pauta s\u00e3o os crit\u00e9rios que nortearam o lan\u00e7amento do Imposto Predial e Territorial Urbano (IPTU) para 2017. Conforme adianta o superintendente de rela\u00e7\u00f5es com a comunidade, La\u00e9rcio de Morais, o objetivo \u00e9 explicar detalhadamente como o governo municipal est\u00e1 fazendo justi\u00e7a social, corrigindo as distor\u00e7\u00f5es que perduravam em v\u00e1rios setores da cidade.<br \/>\nAl\u00e9m do prefeito Beto Preto, a audi\u00eancia p\u00fablica ter\u00e1 as presen\u00e7as do secret\u00e1rio da fazenda, Marcello Augusto Machado, e de todos os demais secret\u00e1rios, superintendentes e diretores.<br \/>\n&nbsp;<\/p>\n","protected":false},"excerpt":{"rendered":"<p>Prefeito far\u00e1 presta\u00e7\u00e3o de contas de sua gest\u00e3o e abordar\u00e1 crit\u00e9rios para o lan\u00e7amento do IPTU\/2017<\/p>\n","protected":false},"author":4,"featured_media":4726,"comment_status":"closed","ping_status":"open","sticky":false,"template":"","format":"standard","meta":{"footnotes":""},"categories":[24],"tags":[],"class_list":["post-4720","post","type-post","status-publish","format-standard","has-post-thumbnail","hentry","category-noticias"],"acf":[],"_links":{"self":[{"href":"http:\/\/www.apucarana.pr.gov.br\/site\/wp-json\/wp\/v2\/posts\/4720","targetHints":{"allow":["GET"]}}],"collection":[{"href":"http:\/\/www.apucarana.pr.gov.br\/site\/wp-json\/wp\/v2\/posts"}],"about":[{"href":"http:\/\/www.apucarana.pr.gov.br\/site\/wp-json\/wp\/v2\/types\/post"}],"author":[{"embeddable":true,"href":"http:\/\/www.apucarana.pr.gov.br\/site\/wp-json\/wp\/v2\/users\/4"}],"replies":[{"embeddable":true,"href":"http:\/\/www.apucarana.pr.gov.br\/site\/wp-json\/wp\/v2\/comments?post=4720"}],"version-history":[{"count":1,"href":"http:\/\/www.apucarana.pr.gov.br\/site\/wp-json\/wp\/v2\/posts\/4720\/revisions"}],"predecessor-version":[{"id":102671,"href":"http:\/\/www.apucarana.pr.gov.br\/site\/wp-json\/wp\/v2\/posts\/4720\/revisions\/102671"}],"wp:featuredmedia":[{"embeddable":true,"href":"http:\/\/www.apucarana.pr.gov.br\/site\/wp-json\/"}],"wp:attachment":[{"href":"http:\/\/www.apucarana.pr.gov.br\/site\/wp-json\/wp\/v2\/media?parent=4720"}],"wp:term":[{"taxonomy":"category","embeddable":true,"href":"http:\/\/www.apucarana.pr.gov.br\/site\/wp-json\/wp\/v2\/categories?post=4720"},{"taxonomy":"post_tag","embeddable":true,"href":"http:\/\/www.apucarana.pr.gov.br\/site\/wp-json\/wp\/v2\/tags?post=4720"}],"curies":[{"name":"wp","href":"https:\/\/api.w.org\/{rel}","templated":true}]}}