{"id":4715,"date":"2016-12-12T17:27:34","date_gmt":"2016-12-12T19:27:34","guid":{"rendered":"http:\/\/172.16.0.7\/site-antigo\/?p=4715"},"modified":"2024-10-08T09:13:16","modified_gmt":"2024-10-08T12:13:16","slug":"prefeitura-realiza-leilao-veiculos-e-sucatas","status":"publish","type":"post","link":"http:\/\/www.apucarana.pr.gov.br\/site\/prefeitura-realiza-leilao-veiculos-e-sucatas\/","title":{"rendered":"Prefeitura realiza leil\u00e3o ve\u00edculos e sucatas"},"content":{"rendered":"<p>A Prefeitura do Munic\u00edpio de Apucarana realiza no dia 19 de dezembro leil\u00e3o de 16 ve\u00edculos inserv\u00edveis e sucatas. A aliena\u00e7\u00e3o dos bens m\u00f3veis acontece a partir das 9 horas, no sal\u00e3o nobre da Prefeitura, e foi autorizada por leis aprovadas pela C\u00e2mara de vereadores e sancionadas pelo prefeito de Apucarana, Beto Preto.<br \/>\nDe acordo com an\u00e1lise da comiss\u00e3o de avalia\u00e7\u00e3o, constitu\u00edda por membros da prefeitura e do setor imobili\u00e1rio, os itens previstos no edital somam R$ 107 mil para os ve\u00edculos e R$ 4.160,00 para as sucatas.<br \/>\nNo caso dos ve\u00edculos, o maior valor unit\u00e1rio \u00e9 de um GM\/Astra Sedan Advantage, ano 2008, avaliado em R$ 12.000, e o menor \u00e9 VW\/GOL CL 1.6 MI, ano 1998, no valor de R$ 3 mil. O autom\u00f3vel mais antigo que vai a leil\u00e3o \u00e9 do ano de 1977 \u00e9 um Mercedes Benz\/ L 1113, caminh\u00e3o carga, lance inicial de R$ 8 mil.<br \/>\nEntre os lotes colocados para arremate tamb\u00e9m est\u00e3o itens como ve\u00edculos como Polo Sedan 2.0, ano 2003; GM\/Corsa, ano 2000; Santana Quantum, ano 1994; quatro Fiat Uno, ano 2002\/2003, 2006, 2007; \u00f4nibus Mercedes Benz, ano 1991; GM\/Chevrolet, ano 1986, entre outros.<br \/>\nQuanto \u00e0s sucatas, ser\u00e3o leiloados lotes com cadeiras e mesas escolares, arm\u00e1rio de a\u00e7o, escrivaninhas, bancos e mesas, ber\u00e7os e sucata de fog\u00e3o, entre outros. Maiores detalhes sobre o leil\u00e3o podem ser conferidos no site da prefeitura <a href=\"http:\/\/www.apucarana.pr.gov.br\">www.apucarana.pr.gov.br<\/a>, link compras e licita\u00e7\u00e3o prefeitura, editais 02\/2016 e 03\/2016.<br \/>\nO certame, que ser\u00e1 conduzido pelo leiloeiro oficial Odarli Canezin e os bens ser\u00e3o vendidos a quem der o maior lance igual ou superior do pre\u00e7o m\u00ednimo de avalia\u00e7\u00e3o. Os interessados poder\u00e3o agendar antes do leil\u00e3o uma visita ao p\u00e1tio de m\u00e1quinas para verificar a situa\u00e7\u00e3o dos bens.<br \/>\nDe acordo com o prefeito de Apucarana, Beto Preto, o leil\u00e3o \u00e9 a forma legal para que o munic\u00edpio possa se desfazer dos ve\u00edculos inserv\u00edveis, dando a devida baixa no patrim\u00f4nio p\u00fablico.<br \/>\n&nbsp;<\/p>\n","protected":false},"excerpt":{"rendered":"<p>Aliena\u00e7\u00e3o de bens inserv\u00edveis do munic\u00edpio acontece dia 19 de dezembro, a partir das 9 horas, no sal\u00e3o nobre da prefeitura (Foto &#8211; Edson Denobi)<\/p>\n","protected":false},"author":4,"featured_media":4716,"comment_status":"closed","ping_status":"open","sticky":false,"template":"","format":"standard","meta":{"footnotes":""},"categories":[24],"tags":[],"class_list":["post-4715","post","type-post","status-publish","format-standard","has-post-thumbnail","hentry","category-noticias"],"acf":[],"_links":{"self":[{"href":"http:\/\/www.apucarana.pr.gov.br\/site\/wp-json\/wp\/v2\/posts\/4715","targetHints":{"allow":["GET"]}}],"collection":[{"href":"http:\/\/www.apucarana.pr.gov.br\/site\/wp-json\/wp\/v2\/posts"}],"about":[{"href":"http:\/\/www.apucarana.pr.gov.br\/site\/wp-json\/wp\/v2\/types\/post"}],"author":[{"embeddable":true,"href":"http:\/\/www.apucarana.pr.gov.br\/site\/wp-json\/wp\/v2\/users\/4"}],"replies":[{"embeddable":true,"href":"http:\/\/www.apucarana.pr.gov.br\/site\/wp-json\/wp\/v2\/comments?post=4715"}],"version-history":[{"count":1,"href":"http:\/\/www.apucarana.pr.gov.br\/site\/wp-json\/wp\/v2\/posts\/4715\/revisions"}],"predecessor-version":[{"id":102672,"href":"http:\/\/www.apucarana.pr.gov.br\/site\/wp-json\/wp\/v2\/posts\/4715\/revisions\/102672"}],"wp:featuredmedia":[{"embeddable":true,"href":"http:\/\/www.apucarana.pr.gov.br\/site\/wp-json\/wp\/v2\/media\/4716"}],"wp:attachment":[{"href":"http:\/\/www.apucarana.pr.gov.br\/site\/wp-json\/wp\/v2\/media?parent=4715"}],"wp:term":[{"taxonomy":"category","embeddable":true,"href":"http:\/\/www.apucarana.pr.gov.br\/site\/wp-json\/wp\/v2\/categories?post=4715"},{"taxonomy":"post_tag","embeddable":true,"href":"http:\/\/www.apucarana.pr.gov.br\/site\/wp-json\/wp\/v2\/tags?post=4715"}],"curies":[{"name":"wp","href":"https:\/\/api.w.org\/{rel}","templated":true}]}}