{"id":4707,"date":"2016-12-12T17:16:38","date_gmt":"2016-12-12T19:16:38","guid":{"rendered":"http:\/\/172.16.0.7\/site-antigo\/?p=4707"},"modified":"2024-10-08T09:13:16","modified_gmt":"2024-10-08T12:13:16","slug":"alunos-da-rede-municipal-protagonizam-espetaculos-musicais","status":"publish","type":"post","link":"http:\/\/www.apucarana.pr.gov.br\/site\/alunos-da-rede-municipal-protagonizam-espetaculos-musicais\/","title":{"rendered":"Alunos da rede municipal protagonizam espet\u00e1culos musicais"},"content":{"rendered":"<p>&nbsp;<br \/>\nO Projeto de Musicaliza\u00e7\u00e3o desenvolvido na Rede Municipal de Ensino programou duas apresenta\u00e7\u00f5es dentro das atividades de final de ano da Autarquia Municipal de Educa\u00e7\u00e3o. A primeira, envolvendo alunos dos CMEIs, aconteceu na \u00faltima sexta-feira, no Cine Teatro F\u00eanix. O espet\u00e1culo \u201cUma magia no ar\u201d foi protagonizado por 250 alunos, representando os 23 CMEIs do munic\u00edpio.<br \/>\nO p\u00fablico, que lotou o Teatro F\u00eanix, se encantou com a atua\u00e7\u00e3o das crian\u00e7as no palco. O espet\u00e1culo, composto de 13 m\u00fasicas, foi resultado de meses de ensaio com professores da Academia Johann Sebastian Bach, respons\u00e1vel pelo Projeto de Musicaliza\u00e7\u00e3o na rede municipal de ensino. A apresenta\u00e7\u00e3o mostrou aos pais e familiares um pouco do que os alunos aprendem na sala de aula.<br \/>\nJ\u00e1 a segunda apresenta\u00e7\u00e3o ser\u00e1 amanh\u00e3 (13), quando cerca de 500 crian\u00e7as apresentam uma bel\u00edssima Cantata de Natal, na Pra\u00e7a Rui Barbosa. S\u00e3o alunos das escolas municipais que ofertam a oficina de musicaliza\u00e7\u00e3o em seu curr\u00edculo de tempo integral.<br \/>\nCom o tema Um Natal de Luz, o coral trar\u00e1 em seu repert\u00f3rio can\u00e7\u00f5es como Bate o Sino, Surgem Anjos, Noite Feliz, Deixei meu Sapatinho e muitas outras. As crian\u00e7as surgir\u00e3o, a partir das 20 horas, das janelas do polo da Universidade Aberta do Brasil (UAB). Toda a comunidade \u00e9 convidada a prestigiar.<\/p>\n","protected":false},"excerpt":{"rendered":"<p>Alunos dos CMEIs j\u00e1 se apresentaram no Teatro F\u00eanix e amanh\u00e3 tem Cantata de Natal na Pra\u00e7a Rui Barbosa (Fotos &#8211; Profeta)<\/p>\n","protected":false},"author":4,"featured_media":4708,"comment_status":"closed","ping_status":"open","sticky":false,"template":"","format":"standard","meta":{"footnotes":""},"categories":[24],"tags":[],"class_list":["post-4707","post","type-post","status-publish","format-standard","has-post-thumbnail","hentry","category-noticias"],"acf":[],"_links":{"self":[{"href":"http:\/\/www.apucarana.pr.gov.br\/site\/wp-json\/wp\/v2\/posts\/4707","targetHints":{"allow":["GET"]}}],"collection":[{"href":"http:\/\/www.apucarana.pr.gov.br\/site\/wp-json\/wp\/v2\/posts"}],"about":[{"href":"http:\/\/www.apucarana.pr.gov.br\/site\/wp-json\/wp\/v2\/types\/post"}],"author":[{"embeddable":true,"href":"http:\/\/www.apucarana.pr.gov.br\/site\/wp-json\/wp\/v2\/users\/4"}],"replies":[{"embeddable":true,"href":"http:\/\/www.apucarana.pr.gov.br\/site\/wp-json\/wp\/v2\/comments?post=4707"}],"version-history":[{"count":1,"href":"http:\/\/www.apucarana.pr.gov.br\/site\/wp-json\/wp\/v2\/posts\/4707\/revisions"}],"predecessor-version":[{"id":102673,"href":"http:\/\/www.apucarana.pr.gov.br\/site\/wp-json\/wp\/v2\/posts\/4707\/revisions\/102673"}],"wp:featuredmedia":[{"embeddable":true,"href":"http:\/\/www.apucarana.pr.gov.br\/site\/wp-json\/"}],"wp:attachment":[{"href":"http:\/\/www.apucarana.pr.gov.br\/site\/wp-json\/wp\/v2\/media?parent=4707"}],"wp:term":[{"taxonomy":"category","embeddable":true,"href":"http:\/\/www.apucarana.pr.gov.br\/site\/wp-json\/wp\/v2\/categories?post=4707"},{"taxonomy":"post_tag","embeddable":true,"href":"http:\/\/www.apucarana.pr.gov.br\/site\/wp-json\/wp\/v2\/tags?post=4707"}],"curies":[{"name":"wp","href":"https:\/\/api.w.org\/{rel}","templated":true}]}}