{"id":4699,"date":"2016-12-12T12:18:54","date_gmt":"2016-12-12T14:18:54","guid":{"rendered":"http:\/\/172.16.0.7\/site-antigo\/?p=4699"},"modified":"2024-10-08T09:13:16","modified_gmt":"2024-10-08T12:13:16","slug":"obra-promovera-drenagem-no-buracao-do-pirapo","status":"publish","type":"post","link":"http:\/\/www.apucarana.pr.gov.br\/site\/obra-promovera-drenagem-no-buracao-do-pirapo\/","title":{"rendered":"Obra promover\u00e1 drenagem no \u201cburac\u00e3o do Pirap\u00f3\u201d"},"content":{"rendered":"<p>Cerca de 75% das \u00e1guas da rede pluvial do Distrito do Pirap\u00f3 des\u00e1guam na Rua Jos\u00e9 Ant\u00f4nio Dante, em local que ficou popularmente conhecido como o \u201cburac\u00e3o do Pirap\u00f3\u201d. A situa\u00e7\u00e3o perdurou por mais de 50 anos e agora a Prefeitura vai implantar tubula\u00e7\u00e3o com tr\u00eas metros de di\u00e2metro e um mega dissipador que, para ser implantado, utilizar\u00e1 30 metros c\u00fabicos de concreto.<br \/>\nA ordem de servi\u00e7o, no valor de R$ 274.573, foi assinada nesta segunda-feira (12\/12) pelo prefeito de Apucarana, Beto Preto. A empresa vencedora da licita\u00e7\u00e3o \u00e9 a Construtora Vitorino, de Apucarana, que ter\u00e1 prazo de 6 meses para executar a obra. Estiveram ainda presentes no ato Elton Prud\u00eancio Vitorino, representando a empresa, o secret\u00e1rio municipal de Obras, Herivelto Moreno, e o vereador eleito Francisley Godoi (Poim), al\u00e9m de outros membros da equipe municipal.<br \/>\nBeto Preto lembrou que na gest\u00e3o do seu antecessor, em 2010, o Munic\u00edpio assinou um Termo de Ajuste de Conduta (TAC) com o Minist\u00e9rio P\u00fablico. \u201cO TAC deveria ter sido cumprido at\u00e9 2011, o que acabou n\u00e3o sendo feito e, al\u00e9m disso, n\u00e3o foram deixados recursos para a execu\u00e7\u00e3o da obra\u201d, lamenta Beto Preto.<br \/>\nDe acordo com ele, o Munic\u00edpio est\u00e1 investindo recursos pr\u00f3prios com o objetivo de solucionar o problema. \u201c\u00c9 uma obra esperada por mais de 50 anos. Todas as quatro redes de drenagem des\u00e1guam neste local, que fica na regi\u00e3o norte do Distrito, no fundo de um vale, abaixo do cemit\u00e9rio. Acreditamos que, com essa obra, a maior parte do problema estar\u00e1 resolvida\u201d, projeta Beto Preto.<br \/>\nA eros\u00e3o que se formou no local vem colocando em risco moradias pr\u00f3ximas. Uma delas, inclusive, foi interditada pela Defesa Civil h\u00e1 cerca de 6 meses e, desde ent\u00e3o, o Munic\u00edpio est\u00e1 pagando aluguel de uma resid\u00eancia para a fam\u00edlia. \u201cA obra \u00e9 extremamente necess\u00e1ria, mas nunca tentaram resolver o problema em outras gest\u00f5es, o que estar\u00e1 sendo feito agora\u201d, comemora o vereador eleito Poim.<br \/>\nAp\u00f3s a coloca\u00e7\u00e3o da tubula\u00e7\u00e3o met\u00e1lica e da implanta\u00e7\u00e3o do dissipador, o Munic\u00edpio ir\u00e1 nivelar o solo. \u201cVamos colocar entre 3 e 5 mil caminh\u00f5es de terra e na, sequ\u00eancia, iremos p\u00f4r em pr\u00e1tica o Plano de Recupera\u00e7\u00e3o Ambiental, com o plantio de grama e de \u00e1rvores\u201d, completa o engenheiro Herivelto Moreno, secret\u00e1rio municipal de Obras.<\/p>\n","protected":false},"excerpt":{"rendered":"<p>A ordem de servi\u00e7o, no valor de R$ 274.573, foi assinada pelo prefeito de Apucarana, Beto Preto. (Foto: Edson Denobi)<\/p>\n","protected":false},"author":4,"featured_media":4700,"comment_status":"closed","ping_status":"open","sticky":false,"template":"","format":"standard","meta":{"footnotes":""},"categories":[24],"tags":[],"class_list":["post-4699","post","type-post","status-publish","format-standard","has-post-thumbnail","hentry","category-noticias"],"acf":[],"_links":{"self":[{"href":"http:\/\/www.apucarana.pr.gov.br\/site\/wp-json\/wp\/v2\/posts\/4699","targetHints":{"allow":["GET"]}}],"collection":[{"href":"http:\/\/www.apucarana.pr.gov.br\/site\/wp-json\/wp\/v2\/posts"}],"about":[{"href":"http:\/\/www.apucarana.pr.gov.br\/site\/wp-json\/wp\/v2\/types\/post"}],"author":[{"embeddable":true,"href":"http:\/\/www.apucarana.pr.gov.br\/site\/wp-json\/wp\/v2\/users\/4"}],"replies":[{"embeddable":true,"href":"http:\/\/www.apucarana.pr.gov.br\/site\/wp-json\/wp\/v2\/comments?post=4699"}],"version-history":[{"count":1,"href":"http:\/\/www.apucarana.pr.gov.br\/site\/wp-json\/wp\/v2\/posts\/4699\/revisions"}],"predecessor-version":[{"id":102674,"href":"http:\/\/www.apucarana.pr.gov.br\/site\/wp-json\/wp\/v2\/posts\/4699\/revisions\/102674"}],"wp:featuredmedia":[{"embeddable":true,"href":"http:\/\/www.apucarana.pr.gov.br\/site\/wp-json\/"}],"wp:attachment":[{"href":"http:\/\/www.apucarana.pr.gov.br\/site\/wp-json\/wp\/v2\/media?parent=4699"}],"wp:term":[{"taxonomy":"category","embeddable":true,"href":"http:\/\/www.apucarana.pr.gov.br\/site\/wp-json\/wp\/v2\/categories?post=4699"},{"taxonomy":"post_tag","embeddable":true,"href":"http:\/\/www.apucarana.pr.gov.br\/site\/wp-json\/wp\/v2\/tags?post=4699"}],"curies":[{"name":"wp","href":"https:\/\/api.w.org\/{rel}","templated":true}]}}