{"id":43400,"date":"2021-05-12T12:34:48","date_gmt":"2021-05-12T15:34:48","guid":{"rendered":"http:\/\/www.apucarana.pr.gov.br\/site\/?p=43400"},"modified":"2024-10-08T09:22:20","modified_gmt":"2024-10-08T12:22:20","slug":"saude-capacita-profissionais-da-rede-de-atencao-do-idoso","status":"publish","type":"post","link":"http:\/\/www.apucarana.pr.gov.br\/site\/saude-capacita-profissionais-da-rede-de-atencao-do-idoso\/","title":{"rendered":"Sa\u00fade capacita profissionais da Rede de Aten\u00e7\u00e3o do Idoso"},"content":{"rendered":"<p>Profissionais da rede municipal de sa\u00fade de participam hoje (12) e na pr\u00f3xima sexta-feira (14) no Cine Teatro F\u00eanix, de uma capacita\u00e7\u00e3o da Rede de Aten\u00e7\u00e3o Integral \u00e0 Sa\u00fade do Idoso (RAISI), implantada pela prefeitura de Apucarana em parceria com o Cons\u00f3rcio Intermunicipal de Sa\u00fade do Vale do Iva\u00ed e Regi\u00e3o (Cisvir).<br \/>\nEnfermeiros das Unidades B\u00e1sicas de Sa\u00fade e profissionais do N\u00facleo de Apoio a Sa\u00fade do Idoso (NASF), como nutricionistas, fisioterapeutas, psic\u00f3logos e educadores f\u00edsicos, participam de um treinamento ministrado pelo m\u00e9dico, especialista em geriatria, Rodrigo Pereira.<br \/>\n\u201cPrecisamos de uma cidade preparada para cuidar dos idosos e o trabalho de hoje \u00e9 mais um importante passo neste sentido na \u00e1rea da sa\u00fade. \u00c9 um direito do idoso ser atendido por um profissional capacitado, que realize suas obriga\u00e7\u00f5es de forma completa e efetiva\u201d, avalia o m\u00e9dico Rodrigo Pereira.<br \/>\nO prefeito Junior da Femac destaca a import\u00e2ncia da parceira da prefeitura com Cisvir na implanta\u00e7\u00e3o da RAISI. \u201c\u00c9 um trabalho conjunto para preparar nossa sa\u00fade p\u00fablica para esse atendimento voltado \u00e0 sa\u00fade do idoso. Nossos profissionais est\u00e3o se preparando. \u00c9 mais um trabalho que Apucarana faz para que nossos idosos vivam com qualidade\u201d, afirma Junior da Femac.<br \/>\nO objetivo da RAISI \u00e9 organizar e preparar o sistema de sa\u00fade para o atendimento qualificado da popula\u00e7\u00e3o idosa, que exige cuidados diferenciados. Ela prop\u00f5e detectar a fragilidade dos idosos e prevenir riscos que possam impactar em um envelhecimento ativo e saud\u00e1vel.<br \/>\nO prefeito Junior da Femac assinou o termo de ades\u00e3o \u00e0 RAISI no final de 2019, uma parceria proposta pelo Cons\u00f3rcio Intermunicipal de Sa\u00fade do Vale do Iva\u00ed e Regi\u00e3o (Cisvir). O CISVIR, atrav\u00e9s do Programa Estadual de Incentivo aos Cons\u00f3rcios de Sa\u00fade \u2013 COMSUS, vinculado a Secretaria Estadual de Sa\u00fade do Paran\u00e1, foi respons\u00e1vel pelo processo de implanta\u00e7\u00e3o da Rede de Aten\u00e7\u00e3o Integral a Sa\u00fade do Idoso em alguns munic\u00edpios consorciados.<br \/>\nO prefeito Junior da Femac destaca que a implanta\u00e7\u00e3o da RAISI vem de encontro \u00e0 proposta do Programa Viver 80, criado pela administra\u00e7\u00e3o municipal para intensificar a\u00e7\u00f5es de valoriza\u00e7\u00e3o da terceira idade.<\/p>\n<p>&nbsp;<\/p>\n","protected":false},"excerpt":{"rendered":"<p>Objetivo \u00e9 organizar e preparar o sistema de sa\u00fade para o atendimento qualificado da popula\u00e7\u00e3o idosa, que exige cuidados diferenciados<\/p>\n","protected":false},"author":4,"featured_media":43401,"comment_status":"closed","ping_status":"open","sticky":false,"template":"","format":"standard","meta":{"footnotes":""},"categories":[24],"tags":[],"class_list":["post-43400","post","type-post","status-publish","format-standard","has-post-thumbnail","hentry","category-noticias"],"acf":[],"_links":{"self":[{"href":"http:\/\/www.apucarana.pr.gov.br\/site\/wp-json\/wp\/v2\/posts\/43400","targetHints":{"allow":["GET"]}}],"collection":[{"href":"http:\/\/www.apucarana.pr.gov.br\/site\/wp-json\/wp\/v2\/posts"}],"about":[{"href":"http:\/\/www.apucarana.pr.gov.br\/site\/wp-json\/wp\/v2\/types\/post"}],"author":[{"embeddable":true,"href":"http:\/\/www.apucarana.pr.gov.br\/site\/wp-json\/wp\/v2\/users\/4"}],"replies":[{"embeddable":true,"href":"http:\/\/www.apucarana.pr.gov.br\/site\/wp-json\/wp\/v2\/comments?post=43400"}],"version-history":[{"count":1,"href":"http:\/\/www.apucarana.pr.gov.br\/site\/wp-json\/wp\/v2\/posts\/43400\/revisions"}],"predecessor-version":[{"id":98841,"href":"http:\/\/www.apucarana.pr.gov.br\/site\/wp-json\/wp\/v2\/posts\/43400\/revisions\/98841"}],"wp:featuredmedia":[{"embeddable":true,"href":"http:\/\/www.apucarana.pr.gov.br\/site\/wp-json\/"}],"wp:attachment":[{"href":"http:\/\/www.apucarana.pr.gov.br\/site\/wp-json\/wp\/v2\/media?parent=43400"}],"wp:term":[{"taxonomy":"category","embeddable":true,"href":"http:\/\/www.apucarana.pr.gov.br\/site\/wp-json\/wp\/v2\/categories?post=43400"},{"taxonomy":"post_tag","embeddable":true,"href":"http:\/\/www.apucarana.pr.gov.br\/site\/wp-json\/wp\/v2\/tags?post=43400"}],"curies":[{"name":"wp","href":"https:\/\/api.w.org\/{rel}","templated":true}]}}