{"id":43387,"date":"2021-05-11T17:34:34","date_gmt":"2021-05-11T20:34:34","guid":{"rendered":"http:\/\/www.apucarana.pr.gov.br\/site\/?p=43387"},"modified":"2024-10-08T09:22:20","modified_gmt":"2024-10-08T12:22:20","slug":"casa-da-gestante-realiza-atendimentos-ginecologicos","status":"publish","type":"post","link":"http:\/\/www.apucarana.pr.gov.br\/site\/casa-da-gestante-realiza-atendimentos-ginecologicos\/","title":{"rendered":"Casa da Gestante realiza atendimentos ginecol\u00f3gicos"},"content":{"rendered":"<p>As consultas m\u00e9dicas ginecol\u00f3gicas que eram realizadas no centro de especialidade da Autarquia Municipal de Sa\u00fade (AMS) foram transferidas para a Casa de Gestante. A mudan\u00e7a visa dar mais conforto e comodidade para as mulheres apucaranenses que buscam esse atendimento da rede municipal de sa\u00fade. \u201cO fator seguran\u00e7a tamb\u00e9m contribuiu para essa mudan\u00e7a pelo fato do pr\u00e9dio da autarquia abrigar o Pronto Atendimento do Coronav\u00edrus, no primeiro andar\u201d, observa o diretor-presidente da AMS, Roberto Kaneta.<br \/>\nCom uma m\u00e9dia de 900 mulheres atendidas mensalmente, a Casa da Gestante, localizada na Rua Osvando Cruz, na \u00e1rea central, vem passando por melhorias para garantir mais conforto e comodidade para as futuras mam\u00e3es e agora para as apucaranenses que necessitam atendimento m\u00e9dico ginecol\u00f3gico.<br \/>\n\u201cAs melhorias est\u00e3o acontecendo, mas j\u00e1 foi instalado ar condicionado, trocas de cortinas e mobili\u00e1rios, pintura interna e externa e compra de enxovais, como len\u00e7\u00f3is para mas camas, camisolas para as consultas do pr\u00e9-natal e dos atendimentos ginecol\u00f3gicos\u201d, coordenadora da Casa da Gestante, a enfermeira obst\u00e9trica Maria Aparecida das Neves (Cidinha).<br \/>\nH\u00e1 3 meses a prefeitura adquiriu, com recursos pr\u00f3prios, um aparelho de ultrassom de \u00faltima gera\u00e7\u00e3o para Casa da Gestante de Apucarana. O equipamento al\u00e9m fazer os exames obst\u00e9tricos tamb\u00e9m realiza os exames morfol\u00f3gicos do 1\u00ba, 2\u00ba e 3\u00ba trimestre da gesta\u00e7\u00e3o e ainda o Doppler que avalia o fluxo de sangue da placenta para o beb\u00ea.<\/p>\n<p>&nbsp;<\/p>\n","protected":false},"excerpt":{"rendered":"<p>Consultas m\u00e9dicas na especialidade que aconteciam no pr\u00e9dio da Autarquia de Sa\u00fade foram transferidas por conforto, comodidade e seguran\u00e7a das apucaranenses<\/p>\n","protected":false},"author":4,"featured_media":43389,"comment_status":"closed","ping_status":"open","sticky":false,"template":"","format":"standard","meta":{"footnotes":""},"categories":[24],"tags":[],"class_list":["post-43387","post","type-post","status-publish","format-standard","has-post-thumbnail","hentry","category-noticias"],"acf":[],"_links":{"self":[{"href":"http:\/\/www.apucarana.pr.gov.br\/site\/wp-json\/wp\/v2\/posts\/43387","targetHints":{"allow":["GET"]}}],"collection":[{"href":"http:\/\/www.apucarana.pr.gov.br\/site\/wp-json\/wp\/v2\/posts"}],"about":[{"href":"http:\/\/www.apucarana.pr.gov.br\/site\/wp-json\/wp\/v2\/types\/post"}],"author":[{"embeddable":true,"href":"http:\/\/www.apucarana.pr.gov.br\/site\/wp-json\/wp\/v2\/users\/4"}],"replies":[{"embeddable":true,"href":"http:\/\/www.apucarana.pr.gov.br\/site\/wp-json\/wp\/v2\/comments?post=43387"}],"version-history":[{"count":1,"href":"http:\/\/www.apucarana.pr.gov.br\/site\/wp-json\/wp\/v2\/posts\/43387\/revisions"}],"predecessor-version":[{"id":98842,"href":"http:\/\/www.apucarana.pr.gov.br\/site\/wp-json\/wp\/v2\/posts\/43387\/revisions\/98842"}],"wp:featuredmedia":[{"embeddable":true,"href":"http:\/\/www.apucarana.pr.gov.br\/site\/wp-json\/"}],"wp:attachment":[{"href":"http:\/\/www.apucarana.pr.gov.br\/site\/wp-json\/wp\/v2\/media?parent=43387"}],"wp:term":[{"taxonomy":"category","embeddable":true,"href":"http:\/\/www.apucarana.pr.gov.br\/site\/wp-json\/wp\/v2\/categories?post=43387"},{"taxonomy":"post_tag","embeddable":true,"href":"http:\/\/www.apucarana.pr.gov.br\/site\/wp-json\/wp\/v2\/tags?post=43387"}],"curies":[{"name":"wp","href":"https:\/\/api.w.org\/{rel}","templated":true}]}}