{"id":43377,"date":"2021-05-11T16:00:24","date_gmt":"2021-05-11T19:00:24","guid":{"rendered":"http:\/\/www.apucarana.pr.gov.br\/site\/?p=43377"},"modified":"2024-10-08T09:22:20","modified_gmt":"2024-10-08T12:22:20","slug":"apucarana-suspende-vacinacao-de-gestante-e-puerperas","status":"publish","type":"post","link":"http:\/\/www.apucarana.pr.gov.br\/site\/apucarana-suspende-vacinacao-de-gestante-e-puerperas\/","title":{"rendered":"Apucarana suspende vacina\u00e7\u00e3o de gestante e pu\u00e9rperas"},"content":{"rendered":"<p>A Autarquia Municipal de Sa\u00fade (AMS) comunica que a Ag\u00eancia Nacional de Vigil\u00e2ncia Sanit\u00e1ria (Anvisa) emitiu uma nota t\u00e9cnica orientando os munic\u00edpios a suspender neste momento a vacina\u00e7\u00e3o das gestantes com a vacina Covid da astraZeneca. \u201cEm atendimento a essa recomenda\u00e7\u00e3o Apucarana interrompeu a vacina\u00e7\u00e3o de gr\u00e1vidas e pu\u00e9rperas a partir desta ter\u00e7a-feira. Existe um custo-benef\u00edcio muito grande da imuniza\u00e7\u00e3o para a gestante e o beb\u00ea, mas vamos aguardar nova nota t\u00e9cnica da Anvisa sobre o seguimento da vacina\u00e7\u00e3o das gestantes\u201d, afirma o diretor-presidente da AMS, Roberto Kaneta.<\/p>\n<p>De acordo com Anvisa, a orienta\u00e7\u00e3o \u00e9 resultado do monitoramento de efeitos adversos da vacina. \u201cA orienta\u00e7\u00e3o da Anvisa \u00e9 que a indica\u00e7\u00e3o da bula da vacina AstraZeneca seja seguida pelo Programa Nacional de Imuniza\u00e7\u00e3o (PNI)\u201d, diz a nota enviada \u00e0 imprensa. A atual bula do imunizante n\u00e3o recomenda a aplica\u00e7\u00e3o em gr\u00e1vidas sem orienta\u00e7\u00e3o m\u00e9dica individual.<\/p>\n<p>Kaneta orienta as gestantes vacinas com a astraZeneca que, na ocorr\u00eancia que eventos adversos, procurem o setor de epidemiologia da Autarquia de Sa\u00fade para fazer um relato, o qual ser\u00e1 encaminhado para a Secretaria de Estado da Sa\u00fade.<\/p>\n","protected":false},"excerpt":{"rendered":"<p>Munic\u00edpio atende recomenda\u00e7\u00e3o de nota t\u00e9cnica emitida pela Anvisa nesta ter\u00e7a-feira<\/p>\n","protected":false},"author":4,"featured_media":43378,"comment_status":"closed","ping_status":"open","sticky":false,"template":"","format":"standard","meta":{"footnotes":""},"categories":[24],"tags":[],"class_list":["post-43377","post","type-post","status-publish","format-standard","has-post-thumbnail","hentry","category-noticias"],"acf":[],"_links":{"self":[{"href":"http:\/\/www.apucarana.pr.gov.br\/site\/wp-json\/wp\/v2\/posts\/43377","targetHints":{"allow":["GET"]}}],"collection":[{"href":"http:\/\/www.apucarana.pr.gov.br\/site\/wp-json\/wp\/v2\/posts"}],"about":[{"href":"http:\/\/www.apucarana.pr.gov.br\/site\/wp-json\/wp\/v2\/types\/post"}],"author":[{"embeddable":true,"href":"http:\/\/www.apucarana.pr.gov.br\/site\/wp-json\/wp\/v2\/users\/4"}],"replies":[{"embeddable":true,"href":"http:\/\/www.apucarana.pr.gov.br\/site\/wp-json\/wp\/v2\/comments?post=43377"}],"version-history":[{"count":1,"href":"http:\/\/www.apucarana.pr.gov.br\/site\/wp-json\/wp\/v2\/posts\/43377\/revisions"}],"predecessor-version":[{"id":98843,"href":"http:\/\/www.apucarana.pr.gov.br\/site\/wp-json\/wp\/v2\/posts\/43377\/revisions\/98843"}],"wp:featuredmedia":[{"embeddable":true,"href":"http:\/\/www.apucarana.pr.gov.br\/site\/wp-json\/"}],"wp:attachment":[{"href":"http:\/\/www.apucarana.pr.gov.br\/site\/wp-json\/wp\/v2\/media?parent=43377"}],"wp:term":[{"taxonomy":"category","embeddable":true,"href":"http:\/\/www.apucarana.pr.gov.br\/site\/wp-json\/wp\/v2\/categories?post=43377"},{"taxonomy":"post_tag","embeddable":true,"href":"http:\/\/www.apucarana.pr.gov.br\/site\/wp-json\/wp\/v2\/tags?post=43377"}],"curies":[{"name":"wp","href":"https:\/\/api.w.org\/{rel}","templated":true}]}}