{"id":43371,"date":"2021-05-11T12:35:35","date_gmt":"2021-05-11T15:35:35","guid":{"rendered":"http:\/\/www.apucarana.pr.gov.br\/site\/?p=43371"},"modified":"2024-10-08T09:22:20","modified_gmt":"2024-10-08T12:22:20","slug":"major-vilson-assume-a-superintendencia-de-transito-e-seguranca","status":"publish","type":"post","link":"http:\/\/www.apucarana.pr.gov.br\/site\/major-vilson-assume-a-superintendencia-de-transito-e-seguranca\/","title":{"rendered":"Major Vilson assume a superintend\u00eancia de tr\u00e2nsito e seguran\u00e7a"},"content":{"rendered":"<p class=\"western\" align=\"left\"><span style=\"color: #333333;\"><span style=\"font-family: Times New Roman, serif;\"><span style=\"font-size: large;\"><span lang=\"pt\">Ap\u00f3s se desincompatibilizar da Pol\u00edcia Militar, onde trabalhou por mais de 31 anos, o major Vilson Laurentino da Silva assumiu nesta ter\u00e7a-feira (11\/05) a Superintend\u00eancia Municipal de Tr\u00e2nsito e Seguran\u00e7a. O major tem como principais desafios encontrar solu\u00e7\u00f5es de tr\u00e2nsito para uma cidade que tem 90.565 ve\u00edculos e ampliar o di\u00e1logo entre o Munic\u00edpio e as for\u00e7as de seguran\u00e7a.<\/span><\/span><\/span><\/span><\/p>\n<p class=\"western\" align=\"left\"><span style=\"color: #333333;\"><span style=\"font-family: Times New Roman, serif;\"><span style=\"font-size: large;\"><span lang=\"pt\">A contrata\u00e7\u00e3o do major j\u00e1 havia sido anunciada no final do m\u00eas de mar\u00e7o pelo prefeito Junior da Femac, no entanto a nomea\u00e7\u00e3o dependia do processo de aposentadoria e a consequente inclus\u00e3o do major nos quadros da reserva remunerada da Pol\u00edcia Militar do Paran\u00e1 (PMPR).<\/span><\/span><\/span><\/span><\/p>\n<p class=\"western\" align=\"left\"><span style=\"color: #333333;\"><span style=\"font-family: Times New Roman, serif;\"><span style=\"font-size: large;\"><span lang=\"pt\">O prefeito lembra que a Superintend\u00eancia de Tr\u00e2nsito e Seguran\u00e7a est\u00e1 vinculada ao Instituto de Desenvolvimento, Pesquisa e Planejamento de Apucarana (Idepplan), presidido pelo funcion\u00e1rio de carreira Carlos Mendes. \u201cNa \u00e1rea de seguran\u00e7a, o major vai gerenciar o programa de monitoramento que j\u00e1 possui mais de 200 c\u00e2meras, promover o di\u00e1logo entre as for\u00e7as policiais e fazer a integra\u00e7\u00e3o entre os vigias da Prefeitura e a vigil\u00e2ncia terceirizada\u201d, cita Junior da Femac. <\/span><\/span><\/span><\/span><\/p>\n<p class=\"western\" align=\"left\"><span style=\"color: #333333;\"><span style=\"font-family: Times New Roman, serif;\"><span style=\"font-size: large;\"><span lang=\"pt\">J\u00e1 no setor de tr\u00e2nsito, o major ter\u00e1 a miss\u00e3o de gerir a J<\/span><\/span><\/span><\/span><span style=\"color: #4d5156;\"><span style=\"font-family: Times New Roman, serif;\"><span style=\"font-size: large;\"><span lang=\"pt\">unta Administrativa de Recursos de Infra\u00e7\u00e3o<\/span><\/span><\/span><\/span><span style=\"color: #333333;\"><span style=\"font-family: Times New Roman, serif;\"><span style=\"font-size: large;\"><span lang=\"pt\"> (Jari) e encontrar solu\u00e7\u00f5es para dinamizar o fluxo de ve\u00edculos e pedestres. \u201cEntre 2019 a 2020, em plena pandemia, a frota de Apucarana cresceu de 87.820 para 90.565, ou seja, s\u00e3o mais 2.745 ve\u00edculos circulando na cidade, sem contar aqueles que v\u00eam diariamente de outros munic\u00edpios. \u00c9 um desafio muito grande, ainda mais se considerarmos a topografia do Munic\u00edpio\u201d, avalia Junior da Femac. <\/span><\/span><\/span><\/span><\/p>\n<p class=\"western\" align=\"left\"><span style=\"color: #333333;\"><span style=\"font-family: Times New Roman, serif;\"><span style=\"font-size: large;\"><span lang=\"pt\">O major agradeceu a confian\u00e7a do prefeito e disse estar motivado para desempenhar a fun\u00e7\u00e3o. \u201c\u00c9 uma miss\u00e3o dif\u00edcil, pois quanto mais ve\u00edculos maiores s\u00e3o os desafios. Tenho orgulho em contribuir com a cidade, pois nasci aqui e a conhe\u00e7o muito bem. Nos<\/span><\/span><\/span><\/span><span style=\"color: #000000;\"><span style=\"font-family: Times New Roman, serif;\"><span style=\"font-size: large;\"><span lang=\"pt-PT\"> mais de 31 anos de servi\u00e7o prestados \u00e0 Pol\u00edcia Militar do Paran\u00e1, 25 anos foram em Apucarana e agora tenho a oportunidade de colocar toda a minha experi\u00eancia \u00e0 disposi\u00e7\u00e3o da Prefeitura\u201d, reitera o major.<\/span><\/span><\/span><\/span><\/p>\n<p class=\"western\" align=\"justify\"><span style=\"color: #333333;\"><span style=\"font-family: Times New Roman, serif;\"><span style=\"font-size: large;\"><span lang=\"pt\">Vilson Laurentino da Silva tem 50 anos, \u00e9 casado com Irani Madalena Viana da Silva e tem dois filhos, um de 12 anos e uma filha de 25 anos que \u00e9 tenente da PM. Concluiu o curso de Forma\u00e7\u00e3o de Oficiais da PMPR em 1998, sendo ainda formado em administra\u00e7\u00e3o p\u00fablica pela Unespar\/Fecea e tem tr\u00eas p\u00f3s-gradua\u00e7\u00f5es na \u00e1rea de seguran\u00e7a, com \u00eanfase em tr\u00e2nsito.<\/span><\/span><\/span><\/span><\/p>\n","protected":false},"excerpt":{"rendered":"<p>Ap\u00f3s se desincompatibilizar da Pol\u00edcia Militar, onde trabalhou por mais de 31 anos, o major ter\u00e1 como principais desafios encontrar solu\u00e7\u00f5es de tr\u00e2nsito para uma cidade que tem 90.565 ve\u00edculos e ampliar o di\u00e1logo entre o Munic\u00edpio e as for\u00e7as de seguran\u00e7a. (Foto: PMA)<\/p>\n","protected":false},"author":4,"featured_media":43372,"comment_status":"closed","ping_status":"open","sticky":false,"template":"","format":"standard","meta":{"footnotes":""},"categories":[24],"tags":[],"class_list":["post-43371","post","type-post","status-publish","format-standard","has-post-thumbnail","hentry","category-noticias"],"acf":[],"_links":{"self":[{"href":"http:\/\/www.apucarana.pr.gov.br\/site\/wp-json\/wp\/v2\/posts\/43371","targetHints":{"allow":["GET"]}}],"collection":[{"href":"http:\/\/www.apucarana.pr.gov.br\/site\/wp-json\/wp\/v2\/posts"}],"about":[{"href":"http:\/\/www.apucarana.pr.gov.br\/site\/wp-json\/wp\/v2\/types\/post"}],"author":[{"embeddable":true,"href":"http:\/\/www.apucarana.pr.gov.br\/site\/wp-json\/wp\/v2\/users\/4"}],"replies":[{"embeddable":true,"href":"http:\/\/www.apucarana.pr.gov.br\/site\/wp-json\/wp\/v2\/comments?post=43371"}],"version-history":[{"count":1,"href":"http:\/\/www.apucarana.pr.gov.br\/site\/wp-json\/wp\/v2\/posts\/43371\/revisions"}],"predecessor-version":[{"id":98844,"href":"http:\/\/www.apucarana.pr.gov.br\/site\/wp-json\/wp\/v2\/posts\/43371\/revisions\/98844"}],"wp:featuredmedia":[{"embeddable":true,"href":"http:\/\/www.apucarana.pr.gov.br\/site\/wp-json\/"}],"wp:attachment":[{"href":"http:\/\/www.apucarana.pr.gov.br\/site\/wp-json\/wp\/v2\/media?parent=43371"}],"wp:term":[{"taxonomy":"category","embeddable":true,"href":"http:\/\/www.apucarana.pr.gov.br\/site\/wp-json\/wp\/v2\/categories?post=43371"},{"taxonomy":"post_tag","embeddable":true,"href":"http:\/\/www.apucarana.pr.gov.br\/site\/wp-json\/wp\/v2\/tags?post=43371"}],"curies":[{"name":"wp","href":"https:\/\/api.w.org\/{rel}","templated":true}]}}