{"id":43364,"date":"2021-05-11T10:57:15","date_gmt":"2021-05-11T13:57:15","guid":{"rendered":"http:\/\/www.apucarana.pr.gov.br\/site\/?p=43364"},"modified":"2024-10-08T09:22:20","modified_gmt":"2024-10-08T12:22:20","slug":"apucarana-vai-reformar-e-ampliar-a-biblioteca-da-praca-do-28","status":"publish","type":"post","link":"http:\/\/www.apucarana.pr.gov.br\/site\/apucarana-vai-reformar-e-ampliar-a-biblioteca-da-praca-do-28\/","title":{"rendered":"Apucarana vai reformar e ampliar a biblioteca da \u201cPra\u00e7a do 28\u201d"},"content":{"rendered":"<p style=\"font-weight: 400;\">A Biblioteca P\u00fablica Municipal \u201cProfessora Olga Antunes Pedroso\u201d, situada na Pra\u00e7a do 28 de Janeiro, ir\u00e1 receber nos pr\u00f3ximos dias mais 150 t\u00edtulos que ser\u00e3o agregados ao seu acervo. O prefeito Junior da Femac, acompanhado da secret\u00e1ria de cultura, Maria Agar, fez uma visita \u00e0 biblioteca na manh\u00e3 desta ter\u00e7a feira, sendo recebido pela bibliotec\u00e1ria In\u00eas Roberto.<\/p>\n<p style=\"font-weight: 400;\">\u201cAproveitamos essa visita para avaliar a estrutura e a necessidade de adequa\u00e7\u00f5es e amplia\u00e7\u00e3o do espa\u00e7o\u201d, comentou o prefeito. Ele lembra que a biblioteca foi inaugurada no ano de 1962, ou seja, h\u00e1 quase sessenta anos e precisa de melhorias e mais espa\u00e7o. \u201cEstamos planejando essa obra para breve, t\u00e3o logo seja feito o projeto de reforma e amplia\u00e7\u00e3o\u201d, anuncia.<\/p>\n<p style=\"font-weight: 400;\">Segundo Junior da Femac, nos \u00faltimos anos houve um trabalho permanente para incentivar a leitura entre as cerca de 12 mil crian\u00e7as da rede municipal de educa\u00e7\u00e3o. Ele\u00a0avalia que a leitura \u00e9 essencial para que as crian\u00e7as e os jovens possam adquirir mais conhecimento. \u201cEm todos momentos recebemos um volume expressivo de informa\u00e7\u00f5es via internet, mas vale ressaltar que o conhecimento \u00e9 para sempre e que as informa\u00e7\u00f5es s\u00e3o passageiras\u201d, pondera.<br \/>\nO prefeito lembrou que h\u00e1 duas semanas, dentro desta proposta de incentivar o h\u00e1bito da leitura entre as crian\u00e7as apucaranenses, a Prefeitura de Apucarana, por meio da Autarquia Municipal de Educa\u00e7\u00e3o (AME) comprou mais um lote de 8.170 livros de literatura infantil para as escolas municipais, com investimento de quase R$ 300 mil.<\/p>\n<p style=\"font-weight: 400;\">As novas obras liter\u00e1rias ir\u00e3o refor\u00e7ar o acervo das \u201cBibliotecas Itinerantes\u201d. Junior recorda que, em 2015, com o ex-prefeito Beto Preto, todas as salas de aula das escolas municipais foram equipadas com estantes de livros e os CMEIs tamb\u00e9m foram contemplados. E agora este trabalho continua, buscando tornar a literatura mais acess\u00edvel aos alunos.<\/p>\n<p style=\"font-weight: 400;\">O projeto Biblioteca Itinerante recebeu em 2017 o Pr\u00eamio Gestor P\u00fablico Paran\u00e1, realizado anualmente no Estado, pelo Sindicato dos Auditores Fiscais da Receita do Estado do Paran\u00e1 (SINDAFEP). E, no ano seguinte, o programa tamb\u00e9m foi qualificado entre os finalistas do 60\u00ba Pr\u00eamio Jabuti, da C\u00e2mara Brasileira do Livro.<\/p>\n<p style=\"font-weight: 400;\">Ao conferir hoje o projeto de aumento da \u00e1rea e melhorias gerais no pr\u00e9dio da Biblioteca P\u00fablica Municipal, o prefeito Junior da Femac reiterou a import\u00e2ncia da leitura desde a inf\u00e2ncia. \u201cLer estimula a criatividade, trabalha a imagina\u00e7\u00e3o, exercita a mem\u00f3ria, enriquece o vocabul\u00e1rio e contribui para a forma\u00e7\u00e3o de cidad\u00e3os mais cr\u00edticos. N\u00f3s estamos investindo em educa\u00e7\u00e3o, de forma planejada e s\u00e9ria, para que as crian\u00e7as apucaranenses desenvolvam todas suas potencialidades,\u201d justificou.<\/p>\n<p style=\"font-weight: 400;\">Conforme frisa o prefeito, os investimentos mantidos pela gest\u00e3o com a compra de livros e tamb\u00e9m com o trabalho de qualifica\u00e7\u00e3o permanente dos professores, contribuem para Apucarana ostentar atualmente a melhor educa\u00e7\u00e3o p\u00fablica do Paran\u00e1. \u201cNossos estudantes conquistaram m\u00e9dia 7.6 na \u00faltima edi\u00e7\u00e3o do \u00cdndice de Desenvolvimento da Educa\u00e7\u00e3o B\u00e1sica, o IDEB\u201d, Lembrou.<\/p>\n","protected":false},"excerpt":{"rendered":"<p>Prefeito Junior da Femac anuncia compra de novos lotes de livros, visando estimular a leitura por crian\u00e7as e adolescentes<\/p>\n","protected":false},"author":4,"featured_media":43367,"comment_status":"closed","ping_status":"open","sticky":false,"template":"","format":"standard","meta":{"footnotes":""},"categories":[24],"tags":[],"class_list":["post-43364","post","type-post","status-publish","format-standard","has-post-thumbnail","hentry","category-noticias"],"acf":[],"_links":{"self":[{"href":"http:\/\/www.apucarana.pr.gov.br\/site\/wp-json\/wp\/v2\/posts\/43364","targetHints":{"allow":["GET"]}}],"collection":[{"href":"http:\/\/www.apucarana.pr.gov.br\/site\/wp-json\/wp\/v2\/posts"}],"about":[{"href":"http:\/\/www.apucarana.pr.gov.br\/site\/wp-json\/wp\/v2\/types\/post"}],"author":[{"embeddable":true,"href":"http:\/\/www.apucarana.pr.gov.br\/site\/wp-json\/wp\/v2\/users\/4"}],"replies":[{"embeddable":true,"href":"http:\/\/www.apucarana.pr.gov.br\/site\/wp-json\/wp\/v2\/comments?post=43364"}],"version-history":[{"count":1,"href":"http:\/\/www.apucarana.pr.gov.br\/site\/wp-json\/wp\/v2\/posts\/43364\/revisions"}],"predecessor-version":[{"id":98845,"href":"http:\/\/www.apucarana.pr.gov.br\/site\/wp-json\/wp\/v2\/posts\/43364\/revisions\/98845"}],"wp:featuredmedia":[{"embeddable":true,"href":"http:\/\/www.apucarana.pr.gov.br\/site\/wp-json\/"}],"wp:attachment":[{"href":"http:\/\/www.apucarana.pr.gov.br\/site\/wp-json\/wp\/v2\/media?parent=43364"}],"wp:term":[{"taxonomy":"category","embeddable":true,"href":"http:\/\/www.apucarana.pr.gov.br\/site\/wp-json\/wp\/v2\/categories?post=43364"},{"taxonomy":"post_tag","embeddable":true,"href":"http:\/\/www.apucarana.pr.gov.br\/site\/wp-json\/wp\/v2\/tags?post=43364"}],"curies":[{"name":"wp","href":"https:\/\/api.w.org\/{rel}","templated":true}]}}