{"id":43349,"date":"2021-05-10T17:01:37","date_gmt":"2021-05-10T20:01:37","guid":{"rendered":"http:\/\/www.apucarana.pr.gov.br\/site\/?p=43349"},"modified":"2024-10-08T09:22:20","modified_gmt":"2024-10-08T12:22:20","slug":"apucarana-vacina-novos-grupos-das-comorbidades-para-55-a-59-anos","status":"publish","type":"post","link":"http:\/\/www.apucarana.pr.gov.br\/site\/apucarana-vacina-novos-grupos-das-comorbidades-para-55-a-59-anos\/","title":{"rendered":"Apucarana vacina novos grupos das comorbidades para 55 a 59 anos"},"content":{"rendered":"<p>Apucarana avan\u00e7a amanh\u00e3 (11) com a vacina\u00e7\u00e3o da Covid-19, com a primeira dose, em novos grupos priorit\u00e1rios das comorbilidades, dentro da faixa et\u00e1ria de 55 a 59 anos. Entre esta ter\u00e7a-feira e quinta-feira (13) ser\u00e3o imunizadas pacientes oncol\u00f3gicos, transplantados, pessoas doen\u00e7as cardiovasculares e autoimunes, cirrose hep\u00e1tica, anemia falciforme, talassemia maior e quem teve AVC.<br \/>\nA vacina\u00e7\u00e3o para esse p\u00fablico ser\u00e1 no Complexo Esportivo Lago\u00e3o, entre 8h30 e 17 horas. Ao anunciar a vacina\u00e7\u00e3o de pacientes com doen\u00e7as autoimunes, o prefeito Junior da Femac cita como exemplos o LUPUS, ELA (Esclerose Lateral Amiotr\u00f3fica), EM (Esclerose M\u00faltipla), Artrite Reumatoide, Polimialgia Reum\u00e1tica, entre outras. Quanto aos pacientes oncol\u00f3gicos ent\u00e3o inclu\u00eddos aqueles que realizaram ou realizam tratamento de quimioterapia, radioterapia ou hormonioterapia nos \u00faltimos seis meses.<br \/>\nAl\u00e9m da documenta\u00e7\u00e3o geral (cart\u00e3o do SUS ou CPF e um documento com foro) que deve ser apresentada no momento da vacina\u00e7\u00e3o esse p\u00fablico que come\u00e7a ser vacinado amanh\u00e3 devem ter em m\u00e3os uma declara\u00e7\u00e3o m\u00e9dica com data inferior a 6 meses, que no caso dos pacientes oncol\u00f3gicos pode ser substitu\u00edda pela carteirinha da oncologia.<br \/>\nO prefeito Junior da Femac lembra tamb\u00e9m segue at\u00e9 quinta-feira no Lago\u00e3o a vacina\u00e7\u00e3o de hipertensos e diab\u00e9ticos de 55 a 59 anos, pessoas com s\u00edndrome de down, gestante e pu\u00e9rperas acima de 18 anos e renais cr\u00f4nicos que fazem di\u00e1lise e hemodi\u00e1lise. Tamb\u00e9m est\u00e3o sendo vacinados no NATTA portadores de HIV com idade entre 55 e 59 anos. O NATTA est\u00e1 localizado na Rua Jamil Soni, ao lado da sede da Guarda Municipal.<br \/>\nApucarana vacinou at\u00e9 ontem (domingo) 27.778 com a primeira dose e 11.493 com a segunda dose. Num balan\u00e7o dos grupos mais recentes que tomaram a vacina, a Autarquia Municipal de Sa\u00fade soma 62 pessoas com s\u00edndrome de down, 23 renais cr\u00f4nicos, 2.117 hipertensos e diab\u00e9ticos, 277 gestantes e pu\u00e9rperas e 257 trabalhadores da educa\u00e7\u00e3o.<br \/>\nParalelamente \u00e0 vacina\u00e7\u00e3o contra a Covid em Apucarana est\u00e1 ocorrendo a campanha Vacina Solid\u00e1ria, com a doa\u00e7\u00e3o espont\u00e2nea de alimento de perec\u00edvel no local da imuniza\u00e7\u00e3o. A arrecada\u00e7\u00e3o j\u00e1 chegou a 8 toneladas.<\/p>\n","protected":false},"excerpt":{"rendered":"<p>Amanh\u00e3 come\u00e7a imuniza\u00e7\u00e3o para pacientes oncol\u00f3gicos, transplantados, pessoas com doen\u00e7as cardiovasculares e autoimunes, cirrose hep\u00e1tica, anemia falciforme, talassemia maior e quem teve AVC<\/p>\n","protected":false},"author":4,"featured_media":43350,"comment_status":"closed","ping_status":"open","sticky":false,"template":"","format":"standard","meta":{"footnotes":""},"categories":[24],"tags":[],"class_list":["post-43349","post","type-post","status-publish","format-standard","has-post-thumbnail","hentry","category-noticias"],"acf":[],"_links":{"self":[{"href":"http:\/\/www.apucarana.pr.gov.br\/site\/wp-json\/wp\/v2\/posts\/43349","targetHints":{"allow":["GET"]}}],"collection":[{"href":"http:\/\/www.apucarana.pr.gov.br\/site\/wp-json\/wp\/v2\/posts"}],"about":[{"href":"http:\/\/www.apucarana.pr.gov.br\/site\/wp-json\/wp\/v2\/types\/post"}],"author":[{"embeddable":true,"href":"http:\/\/www.apucarana.pr.gov.br\/site\/wp-json\/wp\/v2\/users\/4"}],"replies":[{"embeddable":true,"href":"http:\/\/www.apucarana.pr.gov.br\/site\/wp-json\/wp\/v2\/comments?post=43349"}],"version-history":[{"count":1,"href":"http:\/\/www.apucarana.pr.gov.br\/site\/wp-json\/wp\/v2\/posts\/43349\/revisions"}],"predecessor-version":[{"id":98846,"href":"http:\/\/www.apucarana.pr.gov.br\/site\/wp-json\/wp\/v2\/posts\/43349\/revisions\/98846"}],"wp:featuredmedia":[{"embeddable":true,"href":"http:\/\/www.apucarana.pr.gov.br\/site\/wp-json\/"}],"wp:attachment":[{"href":"http:\/\/www.apucarana.pr.gov.br\/site\/wp-json\/wp\/v2\/media?parent=43349"}],"wp:term":[{"taxonomy":"category","embeddable":true,"href":"http:\/\/www.apucarana.pr.gov.br\/site\/wp-json\/wp\/v2\/categories?post=43349"},{"taxonomy":"post_tag","embeddable":true,"href":"http:\/\/www.apucarana.pr.gov.br\/site\/wp-json\/wp\/v2\/tags?post=43349"}],"curies":[{"name":"wp","href":"https:\/\/api.w.org\/{rel}","templated":true}]}}